{"id":16054,"date":"2023-03-28T23:56:46","date_gmt":"2023-03-28T23:56:46","guid":{"rendered":"https:\/\/unoticias.com.mx\/?p=16054"},"modified":"2023-03-28T23:56:46","modified_gmt":"2023-03-28T23:56:46","slug":"apunto-de-levantarse-en-armas-114-pueblos-en-la-sierra-de-guerrero","status":"publish","type":"post","link":"https:\/\/unoticias.com.mx\/index.php\/2023\/03\/28\/apunto-de-levantarse-en-armas-114-pueblos-en-la-sierra-de-guerrero\/","title":{"rendered":"Apunto de levantarse en armas 114 pueblos en la sierra de Guerrero"},"content":{"rendered":"<p>Apunto de levantarse en armas 114 pueblos en la sierra de Guerrero<\/p>\n<p>Apunto de levantarse en armas mas de 114 comunidades de cuatro municipios de la Sierra de Guerrero, por los enfrentamientos que se han dado en otras comunidades con la familia michoacana, quien de un pueblo se llevaron a una jovencita y dos menores de edad comento uno de los comisarios demandaron al presidente de M\u00e9xico, Andr\u00e9s Manuel L\u00f3pez Obrador atenci\u00f3n de seguridad ante el avance de incursi\u00f3n armada que realiza el grupo delictivo de la Familia Michoacana, en poblados de la Sierra y Tierra Caliente del estado<\/p>\n<p>Los pobladores, aglutinados en los Comit\u00e9s de Seguridad Privada Ruta Tecp\u00e1n-El Balc\u00f3n-Fresnos de Puerto Rico, que pertenecen a los municipios Ajuchitl\u00e1n del Progreso, Tecp\u00e1n, Coyuca de Catal\u00e1n y San Miguel Totolapan realizaron una asamblea este s\u00e1bado en la comunidad de<br \/>\nEl Balc\u00f3n, donde manifestaron su preocupaci\u00f3n ante los constantes enfrentamientos registrados en poblaciones vecinas, pertenecientes a los ejidos de Linda Vista, Coronillas, Ci\u00e9nega de Puerto Alegre y el poblado de El Pescado en Coyuca de Catal\u00e1n quienes han enfrentado a miembros de la Familia Michoacana<\/p>\n<p>A esta asamblea donde acudieron m\u00e1s de dos mil pobladores se inform\u00f3 que m\u00e1s de 600 familias de la Sierra han sido desplazadas por la violencia que genera la Familia Michoacana<\/p>\n<p>En la asamblea de comisarios se dio lectura a documento dirigido al presidente Andr\u00e9s Manuel Lopez Obrador a quien le solicitaron reactiven las Bases de Operaci\u00f3n Militar de manera mixta y rotativa para que exista m\u00e1s seguridad y tambi\u00e9n se reactiven los Centros<br \/>\nIntegradores del Bienestar que se hab\u00edan instalado pero que no se les dio seguimiento ni atenci\u00f3n.<\/p>\n<p>Los pueblos serrranos de la ruta Tecpan-El Balc\u00f3n-Fresnos de Puerto Rico, es la zona donde en los a\u00f1os 60 se alz\u00f3 en armas Lucio Caba\u00f1as con campesinos y ejidatarios contra las compa\u00f1\u00edas madereras que hab\u00edan incumplido los contratos firmados con los ejidatarios<\/p>\n<p>Durante la asamblea se hizo hincapi\u00e9 que en estas 114 comunidades desde hace .<br \/>\n23 a\u00f1os han vivido en en paz, despu\u00e9s de que m\u00e1s de 30 mil campesinos, decidieron conformar los Comit\u00e9s de Seguridad Privada Ruta Tecpan-El Balc\u00f3n-Fresnos de Puerto Rico,<\/p>\n<p>Los pobladores pidieron que esa zona alta de la Sierra de Guerrero, acudan soldados del ej\u00e9rcito mexicano o la GuardiaNacional indicando que no conf\u00edan en la Polic\u00eda del estado, corporaci\u00f3n que acusar de estar infiltrada por la delincuencia<\/p>\n<p>Tambi\u00e9n se quejaron del gobierno del estado, en el sentido que no les ha enviado apoyo y se\u00f1alaron que no le pueden reclamar a gobernadora Evelyn Salgado Pineda la falta de atenci\u00f3n de seguridad \u201cporque se puede enojar e irse con los malos y ech\u00e1rselo a los pueblos\u201d<\/p>\n<p>A la reuni\u00f3n acudieron autoridades del gobierno del estado; Vladimir Barrera Fuerte, subsecretario de Desarrollo Rural Sustentable en representaci\u00f3n de la gobernadora Evelyn Salgado; el diputado federal, Luis Edgardo Palacios D\u00edaz; el diputado local, Alfredo S\u00e1nchez Esquivel y el presidente municipal de Tecpac, Jes\u00fas Yasir Deloya D\u00edaz quienes expresaron su apoyo a los pobladores. Fotos : Bernandino Hern\u00e1ndez<\/p>\n","protected":false},"excerpt":{"rendered":"<p>Apunto de levantarse en armas 114 pueblos en la sierra de Guerrero Apunto de levantarse en armas mas de 114 comunidades de cuatro municipios de la Sierra de Guerrero, por &hellip; <a href=\"https:\/\/unoticias.com.mx\/index.php\/2023\/03\/28\/apunto-de-levantarse-en-armas-114-pueblos-en-la-sierra-de-guerrero\/\" class=\"more-link\">Leer m\u00e1s<\/a><\/p>\n","protected":false},"author":1,"featured_media":16055,"comment_status":"open","ping_status":"open","sticky":false,"template":"","format":"standard","meta":{"spay_email":"","footnotes":"","jetpack_publicize_message":"","jetpack_is_tweetstorm":false,"jetpack_publicize_feature_enabled":true},"categories":[15],"tags":[],"class_list":["post-16054","post","type-post","status-publish","format-standard","has-post-thumbnail","hentry","category-local-news","entry"],"jetpack_featured_media_url":"https:\/\/unoticias.com.mx\/wp-content\/uploads\/2023\/03\/FB_IMG_1680047617139.jpg","jetpack_publicize_connections":[],"jetpack_sharing_enabled":true,"jetpack_likes_enabled":true,"_links":{"self":[{"href":"https:\/\/unoticias.com.mx\/index.php\/wp-json\/wp\/v2\/posts\/16054","targetHints":{"allow":["GET"]}}],"collection":[{"href":"https:\/\/unoticias.com.mx\/index.php\/wp-json\/wp\/v2\/posts"}],"about":[{"href":"https:\/\/unoticias.com.mx\/index.php\/wp-json\/wp\/v2\/types\/post"}],"author":[{"embeddable":true,"href":"https:\/\/unoticias.com.mx\/index.php\/wp-json\/wp\/v2\/users\/1"}],"replies":[{"embeddable":true,"href":"https:\/\/unoticias.com.mx\/index.php\/wp-json\/wp\/v2\/comments?post=16054"}],"version-history":[{"count":1,"href":"https:\/\/unoticias.com.mx\/index.php\/wp-json\/wp\/v2\/posts\/16054\/revisions"}],"predecessor-version":[{"id":16056,"href":"https:\/\/unoticias.com.mx\/index.php\/wp-json\/wp\/v2\/posts\/16054\/revisions\/16056"}],"wp:featuredmedia":[{"embeddable":true,"href":"https:\/\/unoticias.com.mx\/index.php\/wp-json\/wp\/v2\/media\/16055"}],"wp:attachment":[{"href":"https:\/\/unoticias.com.mx\/index.php\/wp-json\/wp\/v2\/media?parent=16054"}],"wp:term":[{"taxonomy":"category","embeddable":true,"href":"https:\/\/unoticias.com.mx\/index.php\/wp-json\/wp\/v2\/categories?post=16054"},{"taxonomy":"post_tag","embeddable":true,"href":"https:\/\/unoticias.com.mx\/index.php\/wp-json\/wp\/v2\/tags?post=16054"}],"curies":[{"name":"wp","href":"https:\/\/api.w.org\/{rel}","templated":true}]}}