{"id":1705,"date":"2020-06-13T22:17:18","date_gmt":"2020-06-13T22:17:18","guid":{"rendered":"https:\/\/unoticias.com.mx\/?p=1705"},"modified":"2020-06-13T22:17:18","modified_gmt":"2020-06-13T22:17:18","slug":"continua-el-riesgo-de-covid-19-en-guerrero","status":"publish","type":"post","link":"https:\/\/unoticias.com.mx\/index.php\/2020\/06\/13\/continua-el-riesgo-de-covid-19-en-guerrero\/","title":{"rendered":"Contin\u00faa el riesgo de COVID-19  en Guerrero."},"content":{"rendered":"\n<p>Contin\u00faa el riesgo de COVID-19&nbsp; en Guerrero.<\/p>\n\n\n\n<p>La disminuci\u00f3n en casos COVID-19 y en la ocupaci\u00f3n hospitalaria ser\u00e1n el indicador que nos permita avanzar en el sem\u00e1foro y reactivar actividades en el Estado. #T\u00f3maloEnSerioYa qu\u00e9date en casa.<\/p>\n","protected":false},"excerpt":{"rendered":"<p>Contin\u00faa el riesgo de COVID-19&nbsp; en Guerrero. La disminuci\u00f3n en casos COVID-19 y en la ocupaci\u00f3n hospitalaria ser\u00e1n el indicador que nos permita avanzar en el sem\u00e1foro y reactivar actividades &hellip; <a href=\"https:\/\/unoticias.com.mx\/index.php\/2020\/06\/13\/continua-el-riesgo-de-covid-19-en-guerrero\/\" class=\"more-link\">Leer m\u00e1s<\/a><\/p>\n","protected":false},"author":1,"featured_media":1706,"comment_status":"open","ping_status":"open","sticky":false,"template":"","format":"standard","meta":{"spay_email":"","footnotes":"","jetpack_publicize_message":"","jetpack_is_tweetstorm":false,"jetpack_publicize_feature_enabled":true},"categories":[15],"tags":[],"class_list":["post-1705","post","type-post","status-publish","format-standard","has-post-thumbnail","hentry","category-local-news","entry"],"jetpack_featured_media_url":"https:\/\/unoticias.com.mx\/wp-content\/uploads\/2020\/06\/FB_IMG_1592085805296.jpg","jetpack_publicize_connections":[],"jetpack_sharing_enabled":true,"jetpack_likes_enabled":true,"_links":{"self":[{"href":"https:\/\/unoticias.com.mx\/index.php\/wp-json\/wp\/v2\/posts\/1705","targetHints":{"allow":["GET"]}}],"collection":[{"href":"https:\/\/unoticias.com.mx\/index.php\/wp-json\/wp\/v2\/posts"}],"about":[{"href":"https:\/\/unoticias.com.mx\/index.php\/wp-json\/wp\/v2\/types\/post"}],"author":[{"embeddable":true,"href":"https:\/\/unoticias.com.mx\/index.php\/wp-json\/wp\/v2\/users\/1"}],"replies":[{"embeddable":true,"href":"https:\/\/unoticias.com.mx\/index.php\/wp-json\/wp\/v2\/comments?post=1705"}],"version-history":[{"count":1,"href":"https:\/\/unoticias.com.mx\/index.php\/wp-json\/wp\/v2\/posts\/1705\/revisions"}],"predecessor-version":[{"id":1707,"href":"https:\/\/unoticias.com.mx\/index.php\/wp-json\/wp\/v2\/posts\/1705\/revisions\/1707"}],"wp:featuredmedia":[{"embeddable":true,"href":"https:\/\/unoticias.com.mx\/index.php\/wp-json\/wp\/v2\/media\/1706"}],"wp:attachment":[{"href":"https:\/\/unoticias.com.mx\/index.php\/wp-json\/wp\/v2\/media?parent=1705"}],"wp:term":[{"taxonomy":"category","embeddable":true,"href":"https:\/\/unoticias.com.mx\/index.php\/wp-json\/wp\/v2\/categories?post=1705"},{"taxonomy":"post_tag","embeddable":true,"href":"https:\/\/unoticias.com.mx\/index.php\/wp-json\/wp\/v2\/tags?post=1705"}],"curies":[{"name":"wp","href":"https:\/\/api.w.org\/{rel}","templated":true}]}}