{"id":17242,"date":"2023-08-27T22:10:40","date_gmt":"2023-08-27T22:10:40","guid":{"rendered":"https:\/\/unoticias.com.mx\/?p=17242"},"modified":"2023-08-27T22:10:40","modified_gmt":"2023-08-27T22:10:40","slug":"mas-de-un-millon-de-alumnos-a-clases-este-lunes-en-guerrero","status":"publish","type":"post","link":"https:\/\/unoticias.com.mx\/index.php\/2023\/08\/27\/mas-de-un-millon-de-alumnos-a-clases-este-lunes-en-guerrero\/","title":{"rendered":"M\u00e1s de un mill\u00f3n de alumnos, a clases este lunes en Guerrero!!"},"content":{"rendered":"<p>M\u00e1s de un mill\u00f3n de alumnos, a clases<br \/>\neste lunes en Guerrero!!<\/p>\n<p>* En 12 mil 979 escuelas en las ocho regiones del estado<\/p>\n<p>* Los alumnos de educaci\u00f3n b\u00e1sica inician el ciclo escolar 2023-2024 con los nuevos libros de texto gratuito<\/p>\n<p>* Hay condiciones para que todos regresen de forma presencial, asegura el secretario de Educaci\u00f3n, Marcial Rodr\u00edguez<\/p>\n<p>Chilpancingo, Gro., 27 de agosto de 2023.- Este lunes 28 de agosto, un mill\u00f3n 098 mil 99 alumnos de educaci\u00f3n b\u00e1sica, media superior y superior iniciar\u00e1n el ciclo escolar 2023-2024, en 12 mil 978 escuelas.<\/p>\n<p>Durante este ciclo educativo, los 798 mil 490 alumnos de educaci\u00f3n b\u00e1sica arrancar\u00e1n sus clases con un nuevo plan y programa de estudios, as\u00ed como con un cat\u00e1logo de libros de texto gratuito de la Nueva Escuela Mexicana, mismos que fueron distribuidos en las 8 regiones del estado y analizados previamente por los docentes guerrerenses durante el Taller Intensivo de Formaci\u00f3n Continua y Consejo T\u00e9cnico Escolar que se llev\u00f3 a cabo previo al inicio de clases.<\/p>\n<p>El titular de la Secretar\u00eda de Educaci\u00f3n Guerrero, Marcial Rodr\u00edguez Salda\u00f1a, asegur\u00f3 que existen las condiciones para un regreso a clases \u201cseguro\u201d y con \u201cmejoras constantes en favor de la educaci\u00f3n\u201d.<\/p>\n<p>Adem\u00e1s, sostuvo que \u201cen Guerrero se sigue avanzando con la revoluci\u00f3n educativa\u201d.<\/p>\n<p>Este a\u00f1o 798 mil 490 ni\u00f1os y ni\u00f1as regresan a clases en educaci\u00f3n b\u00e1sica con el apoyo de 69 mil 892 docentes en 10 mil 760 escuelas.<\/p>\n<p>Mientras que en el nivel medio superior y superior regresan 299 mil 609 estudiantes, de los cuales 48 mil 212 son de nuevo ingreso en los diversos subsistemas federales y estatales como IBEGro, Conalep, Cecyteg, Colegio de Bachilleres, DGTI, Prepas UAGro, Prepa Abierta, DGETAyCM, Prefecos, IBIEGro, entre otros.<\/p>\n<p>En los subsistemas de media superior en la primera semana de este ciclo escolar se impartir\u00e1n cursos de inducci\u00f3n para los alumnos de nuevo ingreso.<\/p>\n<p>En el caso de las 9 escuelas formadoras de docentes del estado los alumnos de nuevo ingreso tambi\u00e9n inician clase este lunes 28 de agosto, mientras que en las Universidades Tecnol\u00f3gicas del estado se iniciar\u00e1 clase hasta el 4 de septiembre luego de los cursos proped\u00e9uticos.<\/p>\n","protected":false},"excerpt":{"rendered":"<p>M\u00e1s de un mill\u00f3n de alumnos, a clases este lunes en Guerrero!! * En 12 mil 979 escuelas en las ocho regiones del estado * Los alumnos de educaci\u00f3n b\u00e1sica &hellip; <a href=\"https:\/\/unoticias.com.mx\/index.php\/2023\/08\/27\/mas-de-un-millon-de-alumnos-a-clases-este-lunes-en-guerrero\/\" class=\"more-link\">Leer m\u00e1s<\/a><\/p>\n","protected":false},"author":1,"featured_media":17243,"comment_status":"open","ping_status":"open","sticky":false,"template":"","format":"standard","meta":{"spay_email":"","footnotes":"","jetpack_publicize_message":"","jetpack_is_tweetstorm":false,"jetpack_publicize_feature_enabled":true},"categories":[15],"tags":[],"class_list":["post-17242","post","type-post","status-publish","format-standard","has-post-thumbnail","hentry","category-local-news","entry"],"jetpack_featured_media_url":"https:\/\/unoticias.com.mx\/wp-content\/uploads\/2023\/08\/FB_IMG_1693174057798.jpg","jetpack_publicize_connections":[],"jetpack_sharing_enabled":true,"jetpack_likes_enabled":true,"_links":{"self":[{"href":"https:\/\/unoticias.com.mx\/index.php\/wp-json\/wp\/v2\/posts\/17242","targetHints":{"allow":["GET"]}}],"collection":[{"href":"https:\/\/unoticias.com.mx\/index.php\/wp-json\/wp\/v2\/posts"}],"about":[{"href":"https:\/\/unoticias.com.mx\/index.php\/wp-json\/wp\/v2\/types\/post"}],"author":[{"embeddable":true,"href":"https:\/\/unoticias.com.mx\/index.php\/wp-json\/wp\/v2\/users\/1"}],"replies":[{"embeddable":true,"href":"https:\/\/unoticias.com.mx\/index.php\/wp-json\/wp\/v2\/comments?post=17242"}],"version-history":[{"count":1,"href":"https:\/\/unoticias.com.mx\/index.php\/wp-json\/wp\/v2\/posts\/17242\/revisions"}],"predecessor-version":[{"id":17244,"href":"https:\/\/unoticias.com.mx\/index.php\/wp-json\/wp\/v2\/posts\/17242\/revisions\/17244"}],"wp:featuredmedia":[{"embeddable":true,"href":"https:\/\/unoticias.com.mx\/index.php\/wp-json\/wp\/v2\/media\/17243"}],"wp:attachment":[{"href":"https:\/\/unoticias.com.mx\/index.php\/wp-json\/wp\/v2\/media?parent=17242"}],"wp:term":[{"taxonomy":"category","embeddable":true,"href":"https:\/\/unoticias.com.mx\/index.php\/wp-json\/wp\/v2\/categories?post=17242"},{"taxonomy":"post_tag","embeddable":true,"href":"https:\/\/unoticias.com.mx\/index.php\/wp-json\/wp\/v2\/tags?post=17242"}],"curies":[{"name":"wp","href":"https:\/\/api.w.org\/{rel}","templated":true}]}}