{"id":17266,"date":"2023-08-30T04:11:47","date_gmt":"2023-08-30T04:11:47","guid":{"rendered":"https:\/\/unoticias.com.mx\/?p=17266"},"modified":"2023-08-30T04:11:47","modified_gmt":"2023-08-30T04:11:47","slug":"atacan-base-de-urvans-ruta-chilpancingo-filo-de-caballo","status":"publish","type":"post","link":"https:\/\/unoticias.com.mx\/index.php\/2023\/08\/30\/atacan-base-de-urvans-ruta-chilpancingo-filo-de-caballo\/","title":{"rendered":"Atacan base de urvans, ruta Chilpancingo-Filo de Caballo"},"content":{"rendered":"<p>Atacan base de urvans, ruta Chilpancingo-Filo de Caballo<\/p>\n<p>*Los artefactos explosivos no estallaron<\/p>\n<p>Un sujeto intent\u00f3 incendiar dos unidades de transporte p\u00fablico de la ruta Chilpancingo &#8211; Filo de Caballos dejandoles artefactos explosivos adentro, los cuales no estallaron.<\/p>\n<p>Respecto al incidente, la Secretar\u00eda de Seguridad P\u00fablica Estatal inform\u00f3 que se recibi\u00f3 un reporte ciudadano al n\u00famero de Emergencias 9-1-1 sobre un incidente en la base de Urvans Chilpancingo-Filo de Caballo en la ciudad capital.<\/p>\n<p>Ante la posibilidad de un incendio lleg\u00f3 personal de Bomberos, sin embargo, como los artefactos no explotaron, dejaron la situaci\u00f3n a cargo de las autoridades correspondientes.<\/p>\n<p>Personal de la Polic\u00eda Estatal, en coordinaci\u00f3n con elementos de la Guardia Nacional, acudieron al lugar para resguardar el \u00e1rea y brindar atenci\u00f3n a la poblaci\u00f3n.<\/p>\n<p>Es importante se\u00f1alar que no se tiene registro de alguna unidad siniestrada y en el \u00e1rea se mantiene presencia de las fuerzas de seguridad.<\/p>\n","protected":false},"excerpt":{"rendered":"<p>Atacan base de urvans, ruta Chilpancingo-Filo de Caballo *Los artefactos explosivos no estallaron Un sujeto intent\u00f3 incendiar dos unidades de transporte p\u00fablico de la ruta Chilpancingo &#8211; Filo de Caballos &hellip; <a href=\"https:\/\/unoticias.com.mx\/index.php\/2023\/08\/30\/atacan-base-de-urvans-ruta-chilpancingo-filo-de-caballo\/\" class=\"more-link\">Leer m\u00e1s<\/a><\/p>\n","protected":false},"author":1,"featured_media":17267,"comment_status":"open","ping_status":"open","sticky":false,"template":"","format":"standard","meta":{"spay_email":"","footnotes":"","jetpack_publicize_message":"","jetpack_is_tweetstorm":false,"jetpack_publicize_feature_enabled":true},"categories":[15],"tags":[],"class_list":["post-17266","post","type-post","status-publish","format-standard","has-post-thumbnail","hentry","category-local-news","entry"],"jetpack_featured_media_url":"https:\/\/unoticias.com.mx\/wp-content\/uploads\/2023\/08\/FB_IMG_1693368502382.jpg","jetpack_publicize_connections":[],"jetpack_sharing_enabled":true,"jetpack_likes_enabled":true,"_links":{"self":[{"href":"https:\/\/unoticias.com.mx\/index.php\/wp-json\/wp\/v2\/posts\/17266","targetHints":{"allow":["GET"]}}],"collection":[{"href":"https:\/\/unoticias.com.mx\/index.php\/wp-json\/wp\/v2\/posts"}],"about":[{"href":"https:\/\/unoticias.com.mx\/index.php\/wp-json\/wp\/v2\/types\/post"}],"author":[{"embeddable":true,"href":"https:\/\/unoticias.com.mx\/index.php\/wp-json\/wp\/v2\/users\/1"}],"replies":[{"embeddable":true,"href":"https:\/\/unoticias.com.mx\/index.php\/wp-json\/wp\/v2\/comments?post=17266"}],"version-history":[{"count":1,"href":"https:\/\/unoticias.com.mx\/index.php\/wp-json\/wp\/v2\/posts\/17266\/revisions"}],"predecessor-version":[{"id":17268,"href":"https:\/\/unoticias.com.mx\/index.php\/wp-json\/wp\/v2\/posts\/17266\/revisions\/17268"}],"wp:featuredmedia":[{"embeddable":true,"href":"https:\/\/unoticias.com.mx\/index.php\/wp-json\/wp\/v2\/media\/17267"}],"wp:attachment":[{"href":"https:\/\/unoticias.com.mx\/index.php\/wp-json\/wp\/v2\/media?parent=17266"}],"wp:term":[{"taxonomy":"category","embeddable":true,"href":"https:\/\/unoticias.com.mx\/index.php\/wp-json\/wp\/v2\/categories?post=17266"},{"taxonomy":"post_tag","embeddable":true,"href":"https:\/\/unoticias.com.mx\/index.php\/wp-json\/wp\/v2\/tags?post=17266"}],"curies":[{"name":"wp","href":"https:\/\/api.w.org\/{rel}","templated":true}]}}