{"id":1734,"date":"2020-06-14T18:37:51","date_gmt":"2020-06-14T18:37:51","guid":{"rendered":"https:\/\/unoticias.com.mx\/?p=1734"},"modified":"2020-06-14T18:37:51","modified_gmt":"2020-06-14T18:37:51","slug":"el-futbol-mexicano-de-luto-fallece-aaron-padilla","status":"publish","type":"post","link":"https:\/\/unoticias.com.mx\/index.php\/2020\/06\/14\/el-futbol-mexicano-de-luto-fallece-aaron-padilla\/","title":{"rendered":"EL F\u00daTBOL MEXICANO DE LUTO, FALLECE AAR\u00d3N PADILLA"},"content":{"rendered":"\n<p>EL F\u00daTBOL MEXICANO DE LUTO, FALLECE AAR\u00d3N PADILLA<\/p>\n\n\n\n<p>Uno de los jugadores emblem\u00e1ticos de los Pumas de la UNAM, Aar\u00f3n Padilla ha fallecido este domingo a consecuencia del Covid-19.<br>El llamado &#8220;Gansito&#8221; fue seleccionado nacional para los Mundiales de Inglaterra en 1966 y M\u00e9xico en 1970.<br>Adem\u00e1s, fue directivo de la Federaci\u00f3n Mexicana de F\u00fatbol.<br>Uno de los personajes m\u00e1s queridos del Balompi\u00e9 Mexicano desde hace dos d\u00edas fue reportado como delicado de salud al ser ingresado de urgencia a un hospital a causa del Coronavirus, llamado que realiz\u00f3 a trav\u00e9s de redes sociales su hijo Aar\u00f3n Padilla Junior.<\/p>\n","protected":false},"excerpt":{"rendered":"<p>EL F\u00daTBOL MEXICANO DE LUTO, FALLECE AAR\u00d3N PADILLA Uno de los jugadores emblem\u00e1ticos de los Pumas de la UNAM, Aar\u00f3n Padilla ha fallecido este domingo a consecuencia del Covid-19.El llamado &hellip; <a href=\"https:\/\/unoticias.com.mx\/index.php\/2020\/06\/14\/el-futbol-mexicano-de-luto-fallece-aaron-padilla\/\" class=\"more-link\">Leer m\u00e1s<\/a><\/p>\n","protected":false},"author":1,"featured_media":1735,"comment_status":"open","ping_status":"open","sticky":false,"template":"","format":"standard","meta":{"spay_email":"","footnotes":"","jetpack_publicize_message":"","jetpack_is_tweetstorm":false,"jetpack_publicize_feature_enabled":true},"categories":[15],"tags":[],"class_list":["post-1734","post","type-post","status-publish","format-standard","has-post-thumbnail","hentry","category-local-news","entry"],"jetpack_featured_media_url":"https:\/\/unoticias.com.mx\/wp-content\/uploads\/2020\/06\/FB_IMG_1592159462010.jpg","jetpack_publicize_connections":[],"jetpack_sharing_enabled":true,"jetpack_likes_enabled":true,"_links":{"self":[{"href":"https:\/\/unoticias.com.mx\/index.php\/wp-json\/wp\/v2\/posts\/1734","targetHints":{"allow":["GET"]}}],"collection":[{"href":"https:\/\/unoticias.com.mx\/index.php\/wp-json\/wp\/v2\/posts"}],"about":[{"href":"https:\/\/unoticias.com.mx\/index.php\/wp-json\/wp\/v2\/types\/post"}],"author":[{"embeddable":true,"href":"https:\/\/unoticias.com.mx\/index.php\/wp-json\/wp\/v2\/users\/1"}],"replies":[{"embeddable":true,"href":"https:\/\/unoticias.com.mx\/index.php\/wp-json\/wp\/v2\/comments?post=1734"}],"version-history":[{"count":1,"href":"https:\/\/unoticias.com.mx\/index.php\/wp-json\/wp\/v2\/posts\/1734\/revisions"}],"predecessor-version":[{"id":1736,"href":"https:\/\/unoticias.com.mx\/index.php\/wp-json\/wp\/v2\/posts\/1734\/revisions\/1736"}],"wp:featuredmedia":[{"embeddable":true,"href":"https:\/\/unoticias.com.mx\/index.php\/wp-json\/wp\/v2\/media\/1735"}],"wp:attachment":[{"href":"https:\/\/unoticias.com.mx\/index.php\/wp-json\/wp\/v2\/media?parent=1734"}],"wp:term":[{"taxonomy":"category","embeddable":true,"href":"https:\/\/unoticias.com.mx\/index.php\/wp-json\/wp\/v2\/categories?post=1734"},{"taxonomy":"post_tag","embeddable":true,"href":"https:\/\/unoticias.com.mx\/index.php\/wp-json\/wp\/v2\/tags?post=1734"}],"curies":[{"name":"wp","href":"https:\/\/api.w.org\/{rel}","templated":true}]}}