{"id":17470,"date":"2023-10-03T23:10:32","date_gmt":"2023-10-03T23:10:32","guid":{"rendered":"https:\/\/unoticias.com.mx\/?p=17470"},"modified":"2023-10-03T23:10:32","modified_gmt":"2023-10-03T23:10:32","slug":"surge-autodefensa-en-la-sierra-de-guerrero","status":"publish","type":"post","link":"https:\/\/unoticias.com.mx\/index.php\/2023\/10\/03\/surge-autodefensa-en-la-sierra-de-guerrero\/","title":{"rendered":"Surge autodefensa en la Sierra de Guerrero"},"content":{"rendered":"<p>Surge autodefensa en la Sierra de Guerrero<\/p>\n<p>** Poblado de Linda Vista, municipio de San Miguel Totolapan<\/p>\n<p>Eduardo Yener de los Santos<\/p>\n<p>En la comunidad de Plan Verde, municipio de San Miguel Totolapan en la Sierra de Guerrero ha surgido una nueva autodefensa llamada Pueblos Unidos por la Paz. Este grupo de civiles armados la conforman 67 comunidades de San Miguel Totolapan e Heliodoro Castillo (Tlacotepec), y pretende tener m\u00e1s de 10 mil miembros para defender las comunidades de la Sierra contra grupos delictivos.<\/p>\n<p>Este lunes, en su anuncio de surgimiento, se presentaron a m\u00e1s de mil 500 guardias y su primera acci\u00f3n en conjunto fue ingresar al poblado de Plan Verde para recuperar la seguridad y dar protecci\u00f3n a las familias que fueron desplazadas el 31 de agosto tras ser atacadas por grupos delictivos.<\/p>\n<p>En la presentaci\u00f3n de Pueblos Unidos por la Paz se dio a conocer que este grupo de autodefensa, tiene como objetivo brindar seguridad a las familias de la Sierra, pero tambi\u00e9n defender\u00e1n los bosques, el agua y evitar la explotaci\u00f3n minera.<\/p>\n<p>La creaci\u00f3n de esta autodefensa surge ante el incumplimiento de seguridad por parte del gobierno estatal y federal, a pesar de la promesa que hizo la gobernadora Evelyn Salgado de no dejar sola a la Sierra, hace ocho d\u00edas en un evento llevado a cabo en el crucero Puerto Gallo-Toro Muerto.<\/p>\n","protected":false},"excerpt":{"rendered":"<p>Surge autodefensa en la Sierra de Guerrero ** Poblado de Linda Vista, municipio de San Miguel Totolapan Eduardo Yener de los Santos En la comunidad de Plan Verde, municipio de &hellip; <a href=\"https:\/\/unoticias.com.mx\/index.php\/2023\/10\/03\/surge-autodefensa-en-la-sierra-de-guerrero\/\" class=\"more-link\">Leer m\u00e1s<\/a><\/p>\n","protected":false},"author":1,"featured_media":17471,"comment_status":"open","ping_status":"open","sticky":false,"template":"","format":"standard","meta":{"spay_email":"","footnotes":"","jetpack_publicize_message":"","jetpack_is_tweetstorm":false,"jetpack_publicize_feature_enabled":true},"categories":[1],"tags":[],"class_list":["post-17470","post","type-post","status-publish","format-standard","has-post-thumbnail","hentry","category-sin-categoria","entry"],"jetpack_featured_media_url":"https:\/\/unoticias.com.mx\/wp-content\/uploads\/2023\/10\/LogoLicious_20231003_170932.jpg","jetpack_publicize_connections":[],"jetpack_sharing_enabled":true,"jetpack_likes_enabled":true,"_links":{"self":[{"href":"https:\/\/unoticias.com.mx\/index.php\/wp-json\/wp\/v2\/posts\/17470","targetHints":{"allow":["GET"]}}],"collection":[{"href":"https:\/\/unoticias.com.mx\/index.php\/wp-json\/wp\/v2\/posts"}],"about":[{"href":"https:\/\/unoticias.com.mx\/index.php\/wp-json\/wp\/v2\/types\/post"}],"author":[{"embeddable":true,"href":"https:\/\/unoticias.com.mx\/index.php\/wp-json\/wp\/v2\/users\/1"}],"replies":[{"embeddable":true,"href":"https:\/\/unoticias.com.mx\/index.php\/wp-json\/wp\/v2\/comments?post=17470"}],"version-history":[{"count":1,"href":"https:\/\/unoticias.com.mx\/index.php\/wp-json\/wp\/v2\/posts\/17470\/revisions"}],"predecessor-version":[{"id":17472,"href":"https:\/\/unoticias.com.mx\/index.php\/wp-json\/wp\/v2\/posts\/17470\/revisions\/17472"}],"wp:featuredmedia":[{"embeddable":true,"href":"https:\/\/unoticias.com.mx\/index.php\/wp-json\/wp\/v2\/media\/17471"}],"wp:attachment":[{"href":"https:\/\/unoticias.com.mx\/index.php\/wp-json\/wp\/v2\/media?parent=17470"}],"wp:term":[{"taxonomy":"category","embeddable":true,"href":"https:\/\/unoticias.com.mx\/index.php\/wp-json\/wp\/v2\/categories?post=17470"},{"taxonomy":"post_tag","embeddable":true,"href":"https:\/\/unoticias.com.mx\/index.php\/wp-json\/wp\/v2\/tags?post=17470"}],"curies":[{"name":"wp","href":"https:\/\/api.w.org\/{rel}","templated":true}]}}