{"id":19803,"date":"2026-03-16T14:52:01","date_gmt":"2026-03-16T14:52:01","guid":{"rendered":"https:\/\/unoticias.com.mx\/?p=19803"},"modified":"2026-03-16T14:52:01","modified_gmt":"2026-03-16T14:52:01","slug":"layda-sansores-busca-hasta-37-anos-de-prision-para-detenidas-del-8m-en-campeche","status":"publish","type":"post","link":"https:\/\/unoticias.com.mx\/index.php\/2026\/03\/16\/layda-sansores-busca-hasta-37-anos-de-prision-para-detenidas-del-8m-en-campeche\/","title":{"rendered":"LAYDA SANSORES BUSCA HASTA 37 A\u00d1OS DE PRISI\u00d3N PARA DETENIDAS DEL #8M EN #CAMPECHE"},"content":{"rendered":"<p>LAYDA SANSORES BUSCA HASTA 37 A\u00d1OS DE PRISI\u00d3N PARA DETENIDAS DEL #8M EN #CAMPECHE<\/p>\n<p>La gobernadora de Layda Sansores anunci\u00f3 que buscar\u00e1 penas de hasta 37 a\u00f1os de prisi\u00f3n para algunas de las manifestantes detenidas durante los disturbios ocurridos en la marcha del D\u00eda Internacional de la Mujer en Campeche.<\/p>\n<p>Seg\u00fan las autoridades, la acusaci\u00f3n principal es homicidio calificado en grado de tentativa, ya que presuntamente algunas participantes prendieron fuego a los escudos de mujeres polic\u00edas que resguardaban el Palacio de Gobierno, poniendo en riesgo la vida de las agentes. Adem\u00e1s de la posible prisi\u00f3n, el gobierno plantea que las detenidas paguen los da\u00f1os al patrimonio y participen en la limpieza de pintas.<\/p>\n<p>La medida ha generado un fuerte debate.<\/p>\n<p>Organizaciones como el Observatorio Ciudadano Nacional del Feminicidio criticaron las detenciones y se\u00f1alaron un posible uso excesivo de la fuerza, mientras que otros sectores respaldan sanciones m\u00e1s severas por los da\u00f1os y agresiones registradas.<\/p>\n<p>La pol\u00e9mica creci\u00f3 luego de que algunas de las 14 personas detenidas fueran liberadas, incluyendo a una estudiante de doctorado, despu\u00e9s de que la fiscal\u00eda reconociera un error en su identificaci\u00f3n.<\/p>\n<p>\ud83d\udcac El caso ha dividido opiniones: para algunos es justicia, para otros criminalizaci\u00f3n de la protesta.<\/p>\n","protected":false},"excerpt":{"rendered":"<p>LAYDA SANSORES BUSCA HASTA 37 A\u00d1OS DE PRISI\u00d3N PARA DETENIDAS DEL #8M EN #CAMPECHE La gobernadora de Layda Sansores anunci\u00f3 que buscar\u00e1 penas de hasta 37 a\u00f1os de prisi\u00f3n para &hellip; <a href=\"https:\/\/unoticias.com.mx\/index.php\/2026\/03\/16\/layda-sansores-busca-hasta-37-anos-de-prision-para-detenidas-del-8m-en-campeche\/\" class=\"more-link\">Leer m\u00e1s<\/a><\/p>\n","protected":false},"author":1,"featured_media":19804,"comment_status":"open","ping_status":"open","sticky":false,"template":"","format":"standard","meta":{"spay_email":"","footnotes":"","jetpack_publicize_message":"","jetpack_is_tweetstorm":false,"jetpack_publicize_feature_enabled":true},"categories":[40],"tags":[],"class_list":["post-19803","post","type-post","status-publish","format-standard","has-post-thumbnail","hentry","category-nacional","entry"],"jetpack_featured_media_url":"https:\/\/unoticias.com.mx\/wp-content\/uploads\/2026\/03\/FB_IMG_1773672627307.jpg","jetpack_publicize_connections":[],"jetpack_sharing_enabled":true,"jetpack_likes_enabled":true,"_links":{"self":[{"href":"https:\/\/unoticias.com.mx\/index.php\/wp-json\/wp\/v2\/posts\/19803","targetHints":{"allow":["GET"]}}],"collection":[{"href":"https:\/\/unoticias.com.mx\/index.php\/wp-json\/wp\/v2\/posts"}],"about":[{"href":"https:\/\/unoticias.com.mx\/index.php\/wp-json\/wp\/v2\/types\/post"}],"author":[{"embeddable":true,"href":"https:\/\/unoticias.com.mx\/index.php\/wp-json\/wp\/v2\/users\/1"}],"replies":[{"embeddable":true,"href":"https:\/\/unoticias.com.mx\/index.php\/wp-json\/wp\/v2\/comments?post=19803"}],"version-history":[{"count":1,"href":"https:\/\/unoticias.com.mx\/index.php\/wp-json\/wp\/v2\/posts\/19803\/revisions"}],"predecessor-version":[{"id":19805,"href":"https:\/\/unoticias.com.mx\/index.php\/wp-json\/wp\/v2\/posts\/19803\/revisions\/19805"}],"wp:featuredmedia":[{"embeddable":true,"href":"https:\/\/unoticias.com.mx\/index.php\/wp-json\/wp\/v2\/media\/19804"}],"wp:attachment":[{"href":"https:\/\/unoticias.com.mx\/index.php\/wp-json\/wp\/v2\/media?parent=19803"}],"wp:term":[{"taxonomy":"category","embeddable":true,"href":"https:\/\/unoticias.com.mx\/index.php\/wp-json\/wp\/v2\/categories?post=19803"},{"taxonomy":"post_tag","embeddable":true,"href":"https:\/\/unoticias.com.mx\/index.php\/wp-json\/wp\/v2\/tags?post=19803"}],"curies":[{"name":"wp","href":"https:\/\/api.w.org\/{rel}","templated":true}]}}