{"id":19892,"date":"2026-04-29T19:28:13","date_gmt":"2026-04-29T19:28:13","guid":{"rendered":"https:\/\/unoticias.com.mx\/?p=19892"},"modified":"2026-04-29T19:28:13","modified_gmt":"2026-04-29T19:28:13","slug":"eu-acusa-al-gobernador-de-sinaloa-ruben-rocha-y-a-funcionarios-de-narcotrafico-y-asesinatos","status":"publish","type":"post","link":"https:\/\/unoticias.com.mx\/index.php\/2026\/04\/29\/eu-acusa-al-gobernador-de-sinaloa-ruben-rocha-y-a-funcionarios-de-narcotrafico-y-asesinatos\/","title":{"rendered":"EU Acusa al gobernador de Sinaloa, Rub\u00e9n Rocha y a funcionarios de Narcotr\u00e1fico y asesinatos.!!"},"content":{"rendered":"<p>EU Acusa al gobernador de Sinaloa, Rub\u00e9n Rocha y a funcionarios de Narcotr\u00e1fico y asesinatos.!!<\/p>\n<p>29 de abril de 2026.\u2014 La Fiscal\u00eda Federal del #DistritoSur de #NuevaYork present\u00f3 una acusaci\u00f3n formal contra once personas, entre ellas el gobernador de Sinaloa, #Rub\u00e9nRochaMoya, por presuntos v\u00ednculos con el narcotr\u00e1fico, uso de armas de fuego y homicidios.<\/p>\n<p>De acuerdo con el documento judicial, los implicados habr\u00edan colaborado con el C\u00e1rtel de Sinaloa para traficar grandes cantidades de droga hacia Estados Unidos. El caso fue asignado a la jueza federal Katherine Polk Failla.<\/p>\n<p>Entre los se\u00f1alados figuran Enrique Inzunza C\u00e1zarez, Enrique D\u00edaz Vega, D\u00e1maso Castro Zaavedra, Marco Antonio Almanza Avil\u00e9s, Alberto Jorge Contreras N\u00fa\u00f1ez (\u201cCholo\u201d), Gerardo M\u00e9rida S\u00e1nchez, Jos\u00e9 Antonio Dionisio Hip\u00f3lito (\u201cTornado\u201d) y Juan de Dios G\u00e1mez Mend\u00edvil.<\/p>\n<p>Adem\u00e1s, Juan Valenzuela Mill\u00e1n, alias \u201cJuanito\u201d, enfrenta cargos adicionales por su presunta participaci\u00f3n en el secuestro y asesinato de un informante de la DEA y un familiar.<\/p>\n<p>El fiscal Jay Clayton y el administrador de la DEA, Terrance C. Cole, confirmaron la apertura del caso, que apunta a una presunta red de colaboraci\u00f3n entre autoridades y el crimen organizado en Sinaloa, desde el inicio de su gobierno morenista<\/p>\n","protected":false},"excerpt":{"rendered":"<p>EU Acusa al gobernador de Sinaloa, Rub\u00e9n Rocha y a funcionarios de Narcotr\u00e1fico y asesinatos.!! 29 de abril de 2026.\u2014 La Fiscal\u00eda Federal del #DistritoSur de #NuevaYork present\u00f3 una acusaci\u00f3n &hellip; <a href=\"https:\/\/unoticias.com.mx\/index.php\/2026\/04\/29\/eu-acusa-al-gobernador-de-sinaloa-ruben-rocha-y-a-funcionarios-de-narcotrafico-y-asesinatos\/\" class=\"more-link\">Leer m\u00e1s<\/a><\/p>\n","protected":false},"author":1,"featured_media":19893,"comment_status":"open","ping_status":"open","sticky":false,"template":"","format":"standard","meta":{"spay_email":"","footnotes":"","jetpack_publicize_message":"","jetpack_is_tweetstorm":false,"jetpack_publicize_feature_enabled":true},"categories":[41],"tags":[],"class_list":["post-19892","post","type-post","status-publish","format-standard","has-post-thumbnail","hentry","category-internacional","entry"],"jetpack_featured_media_url":"https:\/\/unoticias.com.mx\/wp-content\/uploads\/2026\/04\/FB_IMG_1777490440539.jpg","jetpack_publicize_connections":[],"jetpack_sharing_enabled":true,"jetpack_likes_enabled":true,"_links":{"self":[{"href":"https:\/\/unoticias.com.mx\/index.php\/wp-json\/wp\/v2\/posts\/19892","targetHints":{"allow":["GET"]}}],"collection":[{"href":"https:\/\/unoticias.com.mx\/index.php\/wp-json\/wp\/v2\/posts"}],"about":[{"href":"https:\/\/unoticias.com.mx\/index.php\/wp-json\/wp\/v2\/types\/post"}],"author":[{"embeddable":true,"href":"https:\/\/unoticias.com.mx\/index.php\/wp-json\/wp\/v2\/users\/1"}],"replies":[{"embeddable":true,"href":"https:\/\/unoticias.com.mx\/index.php\/wp-json\/wp\/v2\/comments?post=19892"}],"version-history":[{"count":1,"href":"https:\/\/unoticias.com.mx\/index.php\/wp-json\/wp\/v2\/posts\/19892\/revisions"}],"predecessor-version":[{"id":19894,"href":"https:\/\/unoticias.com.mx\/index.php\/wp-json\/wp\/v2\/posts\/19892\/revisions\/19894"}],"wp:featuredmedia":[{"embeddable":true,"href":"https:\/\/unoticias.com.mx\/index.php\/wp-json\/wp\/v2\/media\/19893"}],"wp:attachment":[{"href":"https:\/\/unoticias.com.mx\/index.php\/wp-json\/wp\/v2\/media?parent=19892"}],"wp:term":[{"taxonomy":"category","embeddable":true,"href":"https:\/\/unoticias.com.mx\/index.php\/wp-json\/wp\/v2\/categories?post=19892"},{"taxonomy":"post_tag","embeddable":true,"href":"https:\/\/unoticias.com.mx\/index.php\/wp-json\/wp\/v2\/tags?post=19892"}],"curies":[{"name":"wp","href":"https:\/\/api.w.org\/{rel}","templated":true}]}}