{"id":2257,"date":"2020-06-30T15:12:45","date_gmt":"2020-06-30T15:12:45","guid":{"rendered":"https:\/\/unoticias.com.mx\/?p=2257"},"modified":"2020-06-30T15:12:45","modified_gmt":"2020-06-30T15:12:45","slug":"en-hospital-privado-de-acapulco-la-senadora-de-morena-nestora-salgado-por-covid-19","status":"publish","type":"post","link":"https:\/\/unoticias.com.mx\/index.php\/2020\/06\/30\/en-hospital-privado-de-acapulco-la-senadora-de-morena-nestora-salgado-por-covid-19\/","title":{"rendered":"En hospital privado de Acapulco; la senadora de Morena; Nestora Salgado, por Covid-19."},"content":{"rendered":"\n<p>En hospital privado de Acapulco; la senadora de Morena; Nestora Salgado, por Covid-19.<\/p>\n\n\n\n<p>ACAPULCO, Gro., De acuerdo al portal de noticias Milenio, la senadora de #Morena por Guerrero, #NestoraSalgadoGarc\u00eda, se encuentra internada en un hospital privado grave, con s\u00edntomas de #Covid19.<br>La ex comandante de la Coordinadora Regional de Autoridades Comunitarias-Polic\u00eda Comunitaria (CRAC-PC) originaria de la regi\u00f3n de la monta\u00f1a de #Guerrero, esta hospitalizada en Acapulco.<br>La legisladora no se present\u00f3 el lunes a la sesi\u00f3n del periodo extraordinario en la que se discutieron las leyes reglamentarias del T-MEC.<br>A\u00f1adi\u00f3 que durante la discusi\u00f3n legislativa, las senadoras del #PRI, #ClaudiaAnaya, #VanessaRubio y #BeatrizParedes, manifestaron su solidaridad con la morenista, aunque en ning\u00fan momento la mencionaron por su nombre.<br>De confirmarse, Salgado Garc\u00eda ser\u00eda la segunda senadora contagiada, el 30 de abril pasado, el ex secretario de Gobernaci\u00f3n y coordinador de la bancada del #PRI, #Miguel\u00c1ngelOsorioChong, inform\u00f3 que di\u00f3 positivo a coronavirus.<\/p>\n","protected":false},"excerpt":{"rendered":"<p>En hospital privado de Acapulco; la senadora de Morena; Nestora Salgado, por Covid-19. ACAPULCO, Gro., De acuerdo al portal de noticias Milenio, la senadora de #Morena por Guerrero, #NestoraSalgadoGarc\u00eda, se &hellip; <a href=\"https:\/\/unoticias.com.mx\/index.php\/2020\/06\/30\/en-hospital-privado-de-acapulco-la-senadora-de-morena-nestora-salgado-por-covid-19\/\" class=\"more-link\">Leer m\u00e1s<\/a><\/p>\n","protected":false},"author":1,"featured_media":2258,"comment_status":"open","ping_status":"open","sticky":false,"template":"","format":"standard","meta":{"spay_email":"","footnotes":"","jetpack_publicize_message":"","jetpack_is_tweetstorm":false,"jetpack_publicize_feature_enabled":true},"categories":[15],"tags":[],"class_list":["post-2257","post","type-post","status-publish","format-standard","has-post-thumbnail","hentry","category-local-news","entry"],"jetpack_featured_media_url":"https:\/\/unoticias.com.mx\/wp-content\/uploads\/2020\/06\/FB_IMG_1593529389954.jpg","jetpack_publicize_connections":[],"jetpack_sharing_enabled":true,"jetpack_likes_enabled":true,"_links":{"self":[{"href":"https:\/\/unoticias.com.mx\/index.php\/wp-json\/wp\/v2\/posts\/2257","targetHints":{"allow":["GET"]}}],"collection":[{"href":"https:\/\/unoticias.com.mx\/index.php\/wp-json\/wp\/v2\/posts"}],"about":[{"href":"https:\/\/unoticias.com.mx\/index.php\/wp-json\/wp\/v2\/types\/post"}],"author":[{"embeddable":true,"href":"https:\/\/unoticias.com.mx\/index.php\/wp-json\/wp\/v2\/users\/1"}],"replies":[{"embeddable":true,"href":"https:\/\/unoticias.com.mx\/index.php\/wp-json\/wp\/v2\/comments?post=2257"}],"version-history":[{"count":1,"href":"https:\/\/unoticias.com.mx\/index.php\/wp-json\/wp\/v2\/posts\/2257\/revisions"}],"predecessor-version":[{"id":2259,"href":"https:\/\/unoticias.com.mx\/index.php\/wp-json\/wp\/v2\/posts\/2257\/revisions\/2259"}],"wp:featuredmedia":[{"embeddable":true,"href":"https:\/\/unoticias.com.mx\/index.php\/wp-json\/wp\/v2\/media\/2258"}],"wp:attachment":[{"href":"https:\/\/unoticias.com.mx\/index.php\/wp-json\/wp\/v2\/media?parent=2257"}],"wp:term":[{"taxonomy":"category","embeddable":true,"href":"https:\/\/unoticias.com.mx\/index.php\/wp-json\/wp\/v2\/categories?post=2257"},{"taxonomy":"post_tag","embeddable":true,"href":"https:\/\/unoticias.com.mx\/index.php\/wp-json\/wp\/v2\/tags?post=2257"}],"curies":[{"name":"wp","href":"https:\/\/api.w.org\/{rel}","templated":true}]}}