{"id":2392,"date":"2020-07-04T01:54:45","date_gmt":"2020-07-04T01:54:45","guid":{"rendered":"https:\/\/unoticias.com.mx\/?p=2392"},"modified":"2020-07-04T01:54:45","modified_gmt":"2020-07-04T01:54:45","slug":"obtiene-fiscalia-de-morelos-orden-de-aprehension-contra-el-raveli-por-asesinato","status":"publish","type":"post","link":"https:\/\/unoticias.com.mx\/index.php\/2020\/07\/04\/obtiene-fiscalia-de-morelos-orden-de-aprehension-contra-el-raveli-por-asesinato\/","title":{"rendered":"Obtiene Fiscal\u00eda de Morelos orden de aprehensi\u00f3n contra \u201cEl Raveli\u201d por asesinato."},"content":{"rendered":"\n<p>Obtiene Fiscal\u00eda de Morelos orden de aprehensi\u00f3n contra \u201cEl Raveli\u201d por asesinato.<br>TETELA, MOR. La Fiscal\u00eda Regional Sur Poniente, a trav\u00e9s de la Unidad Especializada de Homicidios, obtuvo una orden de aprehensi\u00f3n en contra de Abraham Emiliano \u201cN\u201d, alias \u201cEl Raveli\u201d por su presunta participaci\u00f3n en un asesinato perpetrado el pasado mes de junio en un domicilio en la Colonia Centro del Municipio de Tetecala.<br>La noche de este jueves, agentes de la Polic\u00eda de Investigaci\u00f3n Criminal (PIC) ingresaron al Centro de Reinserci\u00f3n Social \u201cMorelos\u201d, en Atlacholoaya, municipio de Xochitepec, donde notificaron a este hombre el mandato judicial en su contra por delito de homicidio calificado, en agravio de Luis \u201cN\u201d de 46 a\u00f1os de edad, privado de la vida con armas de fuego el pasado 19 de junio, al interior de su vivienda.<br>De acuerdo con investigaciones, aproximadamente a las 11:00 horas de esa fecha, personas con armas de fuego llegaron al domicilio del ahora occiso, ubicado en Privada Pedro Ascencio de la Colonia Centro de Tetecala.<br>Primero, accionaron sus armas contra la fachada del inmueble, para luego ingresar a la vivienda, donde atacaron a Luis \u201cN\u201d, hasta privarlo de la vida y despu\u00e9s huir.<br>El trabajo realizado por la PIC arroj\u00f3 la posible participaci\u00f3n de \u201cEl Raveli\u201d en este hecho delictivo, quien al d\u00eda siguiente ser\u00eda detenido por la PIC y el Ej\u00e9rcito Mexicano en poder de armas, cartuchos y droga, en San Gabriel Las Palmas del Municipio de Amacuzac, quedando a disposici\u00f3n del Centro de Operaciones Estrat\u00e9gicas (COE), por delito contra la salud.<br>El 22 de junio, el COE judicializ\u00f3 a Abraham Emiliano, formul\u00e1ndole imputaci\u00f3n por narcomenudeo, obteniendo del juez de control el auto de vinculaci\u00f3n a proceso con medida cautelar de prisi\u00f3n preventiva, con plazo de un mes para el cierre de investigaciones.<br>En medio de las indagatorias, la Fiscal\u00eda de Homicidios obtuvo la orden de aprehensi\u00f3n contra \u201cEl Raveli\u201d por el homicidio de Luis \u201cN\u201d. Ejecutado el mandato, en las pr\u00f3ximas horas Abraham Emiliano ser\u00e1 presentado ante el juez que lo requiri\u00f3, a fin de que se resuelva su situaci\u00f3n legal.<\/p>\n","protected":false},"excerpt":{"rendered":"<p>Obtiene Fiscal\u00eda de Morelos orden de aprehensi\u00f3n contra \u201cEl Raveli\u201d por asesinato.TETELA, MOR. La Fiscal\u00eda Regional Sur Poniente, a trav\u00e9s de la Unidad Especializada de Homicidios, obtuvo una orden de &hellip; <a href=\"https:\/\/unoticias.com.mx\/index.php\/2020\/07\/04\/obtiene-fiscalia-de-morelos-orden-de-aprehension-contra-el-raveli-por-asesinato\/\" class=\"more-link\">Leer m\u00e1s<\/a><\/p>\n","protected":false},"author":1,"featured_media":2393,"comment_status":"open","ping_status":"open","sticky":false,"template":"","format":"standard","meta":{"spay_email":"","footnotes":"","jetpack_publicize_message":"","jetpack_is_tweetstorm":false,"jetpack_publicize_feature_enabled":true},"categories":[6],"tags":[],"class_list":["post-2392","post","type-post","status-publish","format-standard","has-post-thumbnail","hentry","category-asia","entry"],"jetpack_featured_media_url":"https:\/\/unoticias.com.mx\/wp-content\/uploads\/2020\/07\/FB_IMG_1593827373154.jpg","jetpack_publicize_connections":[],"jetpack_sharing_enabled":true,"jetpack_likes_enabled":true,"_links":{"self":[{"href":"https:\/\/unoticias.com.mx\/index.php\/wp-json\/wp\/v2\/posts\/2392","targetHints":{"allow":["GET"]}}],"collection":[{"href":"https:\/\/unoticias.com.mx\/index.php\/wp-json\/wp\/v2\/posts"}],"about":[{"href":"https:\/\/unoticias.com.mx\/index.php\/wp-json\/wp\/v2\/types\/post"}],"author":[{"embeddable":true,"href":"https:\/\/unoticias.com.mx\/index.php\/wp-json\/wp\/v2\/users\/1"}],"replies":[{"embeddable":true,"href":"https:\/\/unoticias.com.mx\/index.php\/wp-json\/wp\/v2\/comments?post=2392"}],"version-history":[{"count":1,"href":"https:\/\/unoticias.com.mx\/index.php\/wp-json\/wp\/v2\/posts\/2392\/revisions"}],"predecessor-version":[{"id":2394,"href":"https:\/\/unoticias.com.mx\/index.php\/wp-json\/wp\/v2\/posts\/2392\/revisions\/2394"}],"wp:featuredmedia":[{"embeddable":true,"href":"https:\/\/unoticias.com.mx\/index.php\/wp-json\/wp\/v2\/media\/2393"}],"wp:attachment":[{"href":"https:\/\/unoticias.com.mx\/index.php\/wp-json\/wp\/v2\/media?parent=2392"}],"wp:term":[{"taxonomy":"category","embeddable":true,"href":"https:\/\/unoticias.com.mx\/index.php\/wp-json\/wp\/v2\/categories?post=2392"},{"taxonomy":"post_tag","embeddable":true,"href":"https:\/\/unoticias.com.mx\/index.php\/wp-json\/wp\/v2\/tags?post=2392"}],"curies":[{"name":"wp","href":"https:\/\/api.w.org\/{rel}","templated":true}]}}