{"id":2675,"date":"2020-07-10T15:49:09","date_gmt":"2020-07-10T15:49:09","guid":{"rendered":"https:\/\/unoticias.com.mx\/?p=2675"},"modified":"2020-07-10T15:49:09","modified_gmt":"2020-07-10T15:49:09","slug":"iguala-orgullo-de-guerrero","status":"publish","type":"post","link":"https:\/\/unoticias.com.mx\/index.php\/2020\/07\/10\/iguala-orgullo-de-guerrero\/","title":{"rendered":"Iguala orgullo de Guerrero"},"content":{"rendered":"\n<p>Iguala orgullo de Guerrero<\/p>\n\n\n\n<p>Escribe: \u00c1ngel Aguirre.<\/p>\n\n\n\n<p>Iguala tiene historia y motivos de orgullo para Guerrero, por lo que no me parece justo que ahora se le identifique con la tragedia por la desaparici\u00f3n de los estudiantes normalistas.<br>Yo la recuerdo con la pujanza de su comercio, por la productividad de su zona rural, por la artesan\u00eda y comercio de oro.<br>En febrero, la Feria de la Bandera daba un importante impulso a la econom\u00eda de la regi\u00f3n.<br>Al visitar Iguala, es menester degustar los famosos pichones que ah\u00ed se preparan; o disfrutar una rica nieve mientras caminas por el z\u00f3calo.<br>El \u00e1rbol se conoce por su fruto, dice la cita b\u00edblica. En ese sentido, Iguala ha sido fecunda en personajes que han brillado en los \u00e1mbitos nacional y estatal en diversas disciplinas: el doctor Guillermo Sober\u00f3n Acevedo, ex rector de la UNAM; el abogado P\u00edndaro Uri\u00f3stegui Miranda, escritor y pol\u00edtico que vivi\u00f3 en los \u2018altos c\u00edrculos\u2019; Rub\u00e9n &#8220;El P\u00faas\u201d Olivares en boxeo; el futbolista Miguel \u00c1ngel Carre\u00f3n Dorantes, \u201cEl Iguala Carre\u00f3n; Emilio Fernando Alonso Rub\u00edn (QEPD), cronista deportivo; el dos veces alcalde L\u00e1zaro Maz\u00f3n; Silvia Romero destacada en educaci\u00f3n y pol\u00edtica, y Porfirio Camarena, l\u00edder sindical y agudo pol\u00edtico; el &#8220;Caballero de la pol\u00edtica\u201d, licenciado Humberto Salgado G\u00f3mez, as\u00ed como la reconocida pintora Irma Palacios Flores.<br>Iguala tambi\u00e9n dio cobijo a Elena Garro, considerada despu\u00e9s de sor Juana In\u00e9s de la Cruz, como la mejor escritora de M\u00e9xico.<br>Francisco Guerrero Garro, afirm\u00f3 que \u201cla obra de Elena Garro es Iguala, ella vivi\u00f3 aqu\u00ed diez a\u00f1os y su principal obra \u201cLos Recuerdos del Porvenir\u201d con la que se inicia el realismo m\u00e1gico en la literatura latinoamericana, es Iguala; no hay m\u00e1s que leer el primer p\u00e1rrafo\u2026 Aqu\u00ed estoy entre estos cerros metida\u201d (Escritos guerrerenses \/ Sobre Elena Garro en Iguala \/ Luis Luna \/ 21 de junio de 2010 \/ https:\/\/bit.ly\/38EFRsj ).<br>Los igualtecos merecen que los gobierno estatal y federal dirijan su mirada y presupuesto para rescatar la grandeza, el potencial que los caracteriza, y se revertan carencias estructurales.<br>Por su cercan\u00eda con la Sierra de Guerrero, el valle de Iguala tendr\u00eda que ser visto como la oportunidad de cambiar la historia de ambas regiones, impulsar una revoluci\u00f3n productiva en el campo, sustituir cultivos; producir amapola con fines medicinales. Aprovechar la riqueza forestal de manera sustentable.<br>Yo creo que la realidad y el futuro se pueden cambiar si trazamos una hoja de ruta, si establecemos las v\u00edas para estas regiones resurjan.<br>\u00bfPor qu\u00e9 no impulsar las agroindustrias y ganader\u00eda en la Sierra y la Zona Norte?, \u00bfpor qu\u00e9 no rescatar el tren que conectaba la ciudad tamarindera con la regi\u00f3n del Balsas y enlazarnos con el puerto de altura para dar salida a la producci\u00f3n?<br>En los albores del pa\u00eds, el presidente Porfirio D\u00edaz impuls\u00f3 la comunicaci\u00f3n en M\u00e9xico a trav\u00e9s del ferrocarril y Guerrero no fue la excepci\u00f3n.<br>\u201cEl tren del Balsas lleg\u00f3 a ser parte fundamental del paisaje y de la vida cotidiana de varias generaciones de guerrerenses; en torno a \u00e9l se tejieron historias, cantares y expresiones que todav\u00eda salpican el recuerdo.\u201d ( El Ferrocarril de Guerrero \u2013 Iguala \/ Mediateca Guerrero, 30 de noviembre de 2016 https:\/\/bit.ly\/3f9t3wx ).<br>Hoy nos invade la nostalgia al mirar el vag\u00f3n de ferrocarril que descansa en una de sus calles.<br>Iguala ha sido sede de momentos fundacionales de la Rep\u00fablica y del estado de Guerrero.<br>A Iguala de la Independencia tamb\u00eden se le conoce como la cuna de la bandera, porque ah\u00ed fue confeccionado el primer L\u00e1baro Patrio.<br>Como gobernador me toc\u00f3 participar en construcci\u00f3n de la primera asta bandera m\u00e1s grande de M\u00e9xico en ese tiempo.<br>Conocedor de la importancia de rescatar su legado hist\u00f3rico y mand\u00e9 a construir el Museo de la Bandera.<br>Para modernizarla, edificamos un planta de tratamiento de aguas negras e impulsamos el tratamiento ecol\u00f3gico del r\u00edo San Juan.<br>As\u00ed como la avenida Heroico Colegio Militar; ampliamos el hospital, y construirmos un mercado nuevo y una unidad deportiva de primer mundo.<br>En mi primer gobierno me toc\u00f3 trabajar con el doctor L\u00e1zaro Maz\u00f3n Alonso, con quien construimos una gran relaci\u00f3n de cordialidad y respeto. \u00c9l era del PRD y yo de PRI. Luego lo invit\u00e9 a colaborar como secretario de Salud en mi segundo periodo.<br>En una ocasi\u00f3n (ya no siendo yo gobernador), acudi\u00f3 Ren\u00e9 Ju\u00e1rez a inaugurar una obra como mandatario estatal, y L\u00e1zaro Maz\u00f3n le dijo: &#8211;Bienvenido se\u00f1or gobernador \u00c1ngel Aguirre\u2026<\/p>\n\n\n\n<p>Ante su mirada sorprendida.<\/p>\n\n\n\n<p>La pol\u00edtica es as\u00ed.<\/p>\n\n\n\n<figure class=\"wp-block-embed-wordpress wp-block-embed is-type-wp-embed is-provider-el-sur-acapulco-suracapulco-i-noticias-acapulco-guerrero\"><div class=\"wp-block-embed__wrapper\">\n<blockquote class=\"wp-embedded-content\" data-secret=\"E0njDavEE9\"><a href=\"https:\/\/suracapulco.mx\/impreso\/9\/iguala-2\/\">Iguala<\/a><\/blockquote><iframe loading=\"lazy\" class=\"wp-embedded-content\" sandbox=\"allow-scripts\" security=\"restricted\" style=\"position: absolute; clip: rect(1px, 1px, 1px, 1px);\" title=\"&#8220;Iguala&#8221; &#8212; El Sur Acapulco suracapulco I Noticias Acapulco Guerrero\" src=\"https:\/\/suracapulco.mx\/impreso\/9\/iguala-2\/embed\/#?secret=E0njDavEE9\" data-secret=\"E0njDavEE9\" width=\"600\" height=\"338\" frameborder=\"0\" marginwidth=\"0\" marginheight=\"0\" scrolling=\"no\"><\/iframe>\n<\/div><\/figure>\n","protected":false},"excerpt":{"rendered":"<p>Iguala orgullo de Guerrero Escribe: \u00c1ngel Aguirre. Iguala tiene historia y motivos de orgullo para Guerrero, por lo que no me parece justo que ahora se le identifique con la &hellip; <a href=\"https:\/\/unoticias.com.mx\/index.php\/2020\/07\/10\/iguala-orgullo-de-guerrero\/\" class=\"more-link\">Leer m\u00e1s<\/a><\/p>\n","protected":false},"author":1,"featured_media":2676,"comment_status":"open","ping_status":"open","sticky":false,"template":"","format":"standard","meta":{"spay_email":"","footnotes":"","jetpack_publicize_message":"","jetpack_is_tweetstorm":false,"jetpack_publicize_feature_enabled":true},"categories":[15],"tags":[],"class_list":["post-2675","post","type-post","status-publish","format-standard","has-post-thumbnail","hentry","category-local-news","entry"],"jetpack_featured_media_url":"https:\/\/unoticias.com.mx\/wp-content\/uploads\/2020\/07\/FB_IMG_1594395620547.jpg","jetpack_publicize_connections":[],"jetpack_sharing_enabled":true,"jetpack_likes_enabled":true,"_links":{"self":[{"href":"https:\/\/unoticias.com.mx\/index.php\/wp-json\/wp\/v2\/posts\/2675","targetHints":{"allow":["GET"]}}],"collection":[{"href":"https:\/\/unoticias.com.mx\/index.php\/wp-json\/wp\/v2\/posts"}],"about":[{"href":"https:\/\/unoticias.com.mx\/index.php\/wp-json\/wp\/v2\/types\/post"}],"author":[{"embeddable":true,"href":"https:\/\/unoticias.com.mx\/index.php\/wp-json\/wp\/v2\/users\/1"}],"replies":[{"embeddable":true,"href":"https:\/\/unoticias.com.mx\/index.php\/wp-json\/wp\/v2\/comments?post=2675"}],"version-history":[{"count":1,"href":"https:\/\/unoticias.com.mx\/index.php\/wp-json\/wp\/v2\/posts\/2675\/revisions"}],"predecessor-version":[{"id":2677,"href":"https:\/\/unoticias.com.mx\/index.php\/wp-json\/wp\/v2\/posts\/2675\/revisions\/2677"}],"wp:featuredmedia":[{"embeddable":true,"href":"https:\/\/unoticias.com.mx\/index.php\/wp-json\/wp\/v2\/media\/2676"}],"wp:attachment":[{"href":"https:\/\/unoticias.com.mx\/index.php\/wp-json\/wp\/v2\/media?parent=2675"}],"wp:term":[{"taxonomy":"category","embeddable":true,"href":"https:\/\/unoticias.com.mx\/index.php\/wp-json\/wp\/v2\/categories?post=2675"},{"taxonomy":"post_tag","embeddable":true,"href":"https:\/\/unoticias.com.mx\/index.php\/wp-json\/wp\/v2\/tags?post=2675"}],"curies":[{"name":"wp","href":"https:\/\/api.w.org\/{rel}","templated":true}]}}