{"id":2784,"date":"2020-07-15T01:44:01","date_gmt":"2020-07-15T01:44:01","guid":{"rendered":"https:\/\/unoticias.com.mx\/?p=2784"},"modified":"2020-07-15T01:44:01","modified_gmt":"2020-07-15T01:44:01","slug":"pide-edil-de-coyuca-de-benitez-de-los-santos-no-relajarse-ante-la-pandemia","status":"publish","type":"post","link":"https:\/\/unoticias.com.mx\/index.php\/2020\/07\/15\/pide-edil-de-coyuca-de-benitez-de-los-santos-no-relajarse-ante-la-pandemia\/","title":{"rendered":"PIDE EDIL DE COYUCA DE BEN\u00cdTEZ, DE LOS SANTOS NO RELAJARSE ANTE LA PANDEMIA."},"content":{"rendered":"\n<p>PIDE EDIL DE COYUCA DE BEN\u00cdTEZ, DE LOS SANTOS NO RELAJARSE ANTE LA PANDEMIA.<\/p>\n\n\n\n<p>Coyuca de Ben\u00edtez, Gro. Al concluir la videoconferencia con el gobernador del estado, sobre el tema del aumento de los contagios en el estado, se observ\u00f3 que la actual situaci\u00f3n de la contingencia sanitaria en Guerrero, comienza hacer alarmante, nos encontramos en el limite de pasar al sem\u00e1foro rojo.<br>As\u00ed lo advirti\u00f3 el presidente municipal de #CoyucadeBen\u00edtez #AlbertodelosSantosD\u00edaz, a los ciudadanos del municipio, ante lo que se ha considerado el relajamiento de los ciudadanos al confiarse en no tomar las medidas estrictas de sanidad, al momento de realizar sus movilizaciones en los diferentes sitios al cual acuden.<br>Destac\u00f3 el alcalde que el hecho de estar en el sem\u00e1foro naranja, no significa a ver superado la pandemia, sino un gran avance y sacrificio de meses por lo que pidi\u00f3 a los ciudadanos, no descuidarse porque lamentablemente los contagios siguen en aumento.<br>Por ello dijo de los Santos D\u00edaz, seguimos llevando acabo reuniones diarias de evaluaci\u00f3n de los trabajos en esta contingencia, donde se revisa mencion\u00f3 el cumplimientos de protocolos en los comercios, restaurantes y los hoteles del municipio, que se cumplan las medidas sanitarias.<br>Y reiter\u00f3 que los contagios van en aumento, continuaremos implementando las brigadas de sanitizaci\u00f3n, el establecimiento de cercos sanitarios, las campa\u00f1as de informaci\u00f3n, entre otras acciones, pero necesitamos del compromiso de todas y todos; y por favor &#8216;No Bajes la Guardia&#8217;, termin\u00f3 expresando el edil.<\/p>\n","protected":false},"excerpt":{"rendered":"<p>PIDE EDIL DE COYUCA DE BEN\u00cdTEZ, DE LOS SANTOS NO RELAJARSE ANTE LA PANDEMIA. Coyuca de Ben\u00edtez, Gro. Al concluir la videoconferencia con el gobernador del estado, sobre el tema &hellip; <a href=\"https:\/\/unoticias.com.mx\/index.php\/2020\/07\/15\/pide-edil-de-coyuca-de-benitez-de-los-santos-no-relajarse-ante-la-pandemia\/\" class=\"more-link\">Leer m\u00e1s<\/a><\/p>\n","protected":false},"author":1,"featured_media":2785,"comment_status":"open","ping_status":"open","sticky":false,"template":"","format":"standard","meta":{"spay_email":"","footnotes":"","jetpack_publicize_message":"","jetpack_is_tweetstorm":false,"jetpack_publicize_feature_enabled":true},"categories":[15],"tags":[],"class_list":["post-2784","post","type-post","status-publish","format-standard","has-post-thumbnail","hentry","category-local-news","entry"],"jetpack_featured_media_url":"https:\/\/unoticias.com.mx\/wp-content\/uploads\/2020\/07\/FB_IMG_1594777154315.jpg","jetpack_publicize_connections":[],"jetpack_sharing_enabled":true,"jetpack_likes_enabled":true,"_links":{"self":[{"href":"https:\/\/unoticias.com.mx\/index.php\/wp-json\/wp\/v2\/posts\/2784","targetHints":{"allow":["GET"]}}],"collection":[{"href":"https:\/\/unoticias.com.mx\/index.php\/wp-json\/wp\/v2\/posts"}],"about":[{"href":"https:\/\/unoticias.com.mx\/index.php\/wp-json\/wp\/v2\/types\/post"}],"author":[{"embeddable":true,"href":"https:\/\/unoticias.com.mx\/index.php\/wp-json\/wp\/v2\/users\/1"}],"replies":[{"embeddable":true,"href":"https:\/\/unoticias.com.mx\/index.php\/wp-json\/wp\/v2\/comments?post=2784"}],"version-history":[{"count":1,"href":"https:\/\/unoticias.com.mx\/index.php\/wp-json\/wp\/v2\/posts\/2784\/revisions"}],"predecessor-version":[{"id":2786,"href":"https:\/\/unoticias.com.mx\/index.php\/wp-json\/wp\/v2\/posts\/2784\/revisions\/2786"}],"wp:featuredmedia":[{"embeddable":true,"href":"https:\/\/unoticias.com.mx\/index.php\/wp-json\/wp\/v2\/media\/2785"}],"wp:attachment":[{"href":"https:\/\/unoticias.com.mx\/index.php\/wp-json\/wp\/v2\/media?parent=2784"}],"wp:term":[{"taxonomy":"category","embeddable":true,"href":"https:\/\/unoticias.com.mx\/index.php\/wp-json\/wp\/v2\/categories?post=2784"},{"taxonomy":"post_tag","embeddable":true,"href":"https:\/\/unoticias.com.mx\/index.php\/wp-json\/wp\/v2\/tags?post=2784"}],"curies":[{"name":"wp","href":"https:\/\/api.w.org\/{rel}","templated":true}]}}