{"id":2888,"date":"2020-07-18T14:03:30","date_gmt":"2020-07-18T14:03:30","guid":{"rendered":"https:\/\/unoticias.com.mx\/?p=2888"},"modified":"2020-07-18T14:03:30","modified_gmt":"2020-07-18T14:03:30","slug":"coloca-lamparas-solares-el-alcalde-de-azoyu-jose-efren-lopez","status":"publish","type":"post","link":"https:\/\/unoticias.com.mx\/index.php\/2020\/07\/18\/coloca-lamparas-solares-el-alcalde-de-azoyu-jose-efren-lopez\/","title":{"rendered":"Coloca l\u00e1mparas solares el alcalde de Azoy\u00fa, Jos\u00e9 Efr\u00e9n L\u00f3pez."},"content":{"rendered":"\n<p>Coloca l\u00e1mparas solares el alcalde de Azoy\u00fa, Jos\u00e9 Efr\u00e9n L\u00f3pez.<\/p>\n\n\n\n<p>El Honorable Ayuntamiento que encabeza el Lic. #Jos\u00e9Efr\u00e9nL\u00f3pezCort\u00e9s, realiz\u00f3 la &#8220;Colocaci\u00f3n de L\u00e1mparas Solares&#8221; en el Centro de la Cabecera y Jard\u00edn Municipal, esto con el objetivo de tener un ahorro en el pago de la energ\u00eda el\u00e9ctrica y a la vez brindar este beneficio a la poblaci\u00f3n en estos tiempos de lluvias porque frecuentemente sufrimos de apagones de este importante servicio.<\/p>\n\n\n\n<h1 class=\"wp-block-heading\">TodosjuntosporAzoy\u00fa_20182021<\/h1>\n","protected":false},"excerpt":{"rendered":"<p>Coloca l\u00e1mparas solares el alcalde de Azoy\u00fa, Jos\u00e9 Efr\u00e9n L\u00f3pez. El Honorable Ayuntamiento que encabeza el Lic. #Jos\u00e9Efr\u00e9nL\u00f3pezCort\u00e9s, realiz\u00f3 la &#8220;Colocaci\u00f3n de L\u00e1mparas Solares&#8221; en el Centro de la Cabecera &hellip; <a href=\"https:\/\/unoticias.com.mx\/index.php\/2020\/07\/18\/coloca-lamparas-solares-el-alcalde-de-azoyu-jose-efren-lopez\/\" class=\"more-link\">Leer m\u00e1s<\/a><\/p>\n","protected":false},"author":1,"featured_media":2889,"comment_status":"open","ping_status":"open","sticky":false,"template":"","format":"standard","meta":{"spay_email":"","footnotes":"","jetpack_publicize_message":"","jetpack_is_tweetstorm":false,"jetpack_publicize_feature_enabled":true},"categories":[15],"tags":[],"class_list":["post-2888","post","type-post","status-publish","format-standard","has-post-thumbnail","hentry","category-local-news","entry"],"jetpack_featured_media_url":"https:\/\/unoticias.com.mx\/wp-content\/uploads\/2020\/07\/FB_IMG_1595080793840.jpg","jetpack_publicize_connections":[],"jetpack_sharing_enabled":true,"jetpack_likes_enabled":true,"_links":{"self":[{"href":"https:\/\/unoticias.com.mx\/index.php\/wp-json\/wp\/v2\/posts\/2888","targetHints":{"allow":["GET"]}}],"collection":[{"href":"https:\/\/unoticias.com.mx\/index.php\/wp-json\/wp\/v2\/posts"}],"about":[{"href":"https:\/\/unoticias.com.mx\/index.php\/wp-json\/wp\/v2\/types\/post"}],"author":[{"embeddable":true,"href":"https:\/\/unoticias.com.mx\/index.php\/wp-json\/wp\/v2\/users\/1"}],"replies":[{"embeddable":true,"href":"https:\/\/unoticias.com.mx\/index.php\/wp-json\/wp\/v2\/comments?post=2888"}],"version-history":[{"count":1,"href":"https:\/\/unoticias.com.mx\/index.php\/wp-json\/wp\/v2\/posts\/2888\/revisions"}],"predecessor-version":[{"id":2890,"href":"https:\/\/unoticias.com.mx\/index.php\/wp-json\/wp\/v2\/posts\/2888\/revisions\/2890"}],"wp:featuredmedia":[{"embeddable":true,"href":"https:\/\/unoticias.com.mx\/index.php\/wp-json\/wp\/v2\/media\/2889"}],"wp:attachment":[{"href":"https:\/\/unoticias.com.mx\/index.php\/wp-json\/wp\/v2\/media?parent=2888"}],"wp:term":[{"taxonomy":"category","embeddable":true,"href":"https:\/\/unoticias.com.mx\/index.php\/wp-json\/wp\/v2\/categories?post=2888"},{"taxonomy":"post_tag","embeddable":true,"href":"https:\/\/unoticias.com.mx\/index.php\/wp-json\/wp\/v2\/tags?post=2888"}],"curies":[{"name":"wp","href":"https:\/\/api.w.org\/{rel}","templated":true}]}}