{"id":2986,"date":"2020-07-21T21:07:10","date_gmt":"2020-07-21T21:07:10","guid":{"rendered":"https:\/\/unoticias.com.mx\/?p=2986"},"modified":"2020-07-21T21:07:10","modified_gmt":"2020-07-21T21:07:10","slug":"amplia-denuncia-ante-la-sfp-contra-pablo-amilcar-sandoval-y-subdelegado-gobierno-diputado-de-morena-ruben-cayetano","status":"publish","type":"post","link":"https:\/\/unoticias.com.mx\/index.php\/2020\/07\/21\/amplia-denuncia-ante-la-sfp-contra-pablo-amilcar-sandoval-y-subdelegado-gobierno-diputado-de-morena-ruben-cayetano\/","title":{"rendered":"Amplia denuncia ante la SFP contra Pablo Am\u00edlcar Sandoval y subdelegado gobierno; diputado de #morena Rub\u00e9n Cayetano."},"content":{"rendered":"\n<p>Amplia denuncia ante la SFP contra Pablo Am\u00edlcar Sandoval y subdelegado gobierno; diputado de #morena Rub\u00e9n Cayetano.<\/p>\n\n\n\n<p>Van casi 5 meses de la primera denuncia y no he sido notificado de su admisi\u00f3n, por lo que el d\u00eda de hoy acud\u00ed ante dicha instancia sancionadora exhibiendo el resto de pruebas que se han generado recientemente en raz\u00f3n de que, #Am\u00edlcarSandoval, es reincidente en el uso de recursos p\u00fablicos y programas sociales con fines pol\u00edtico-electorales, adem\u00e1s de atentar contra la dignidad de personas pobres y beneficiarios de programas sociales en Guerrero.<br>Ratifico mi confianza en las instancias del gobierno de la rep\u00fablica para desahogar las pruebas y aplicar la sanci\u00f3n correspondiente.<br>No voy a caer en el juego simulador y distractor del C. Delegado, qui\u00e9n act\u00faa con absoluto extrav\u00edo legal ante la #FEPADE de Guerrero, para curarse en salud.<br>El comportamiento de Sandoval Ballesteros, que hoy exhibe ante medios de comunicaci\u00f3n, no es m\u00e1s que un &#8220;super show&#8221;, pues resulta inveros\u00edmil que un infractor de la Ley Org\u00e1nica de la Administraci\u00f3n P\u00fablica Federal, pretenda que se abra una investigaci\u00f3n por actos imputables a s\u00ed mismo y sobre todo cu\u00e1ndo a\u00fan no ha iniciado el proceso electoral.<br>Voy a actuar como siempre, dentro del marco legal por la v\u00eda id\u00f3nea, convicci\u00f3n democr\u00e1tica y ajustado a los m\u00e1s altos principios de la justicia.<\/p>\n\n\n\n<p>\u00a1Ya no m\u00e1s simulaci\u00f3n!<\/p>\n\n\n\n<p>\u00a1Basta de hipocres\u00edas!<\/p>\n\n\n\n<h1 class=\"wp-block-heading\">Qu\u00e9datEnCasa y mant\u00e9n la #SanaDistancia.<\/h1>\n\n\n\n<h1 class=\"wp-block-heading\">amlo<\/h1>\n","protected":false},"excerpt":{"rendered":"<p>Amplia denuncia ante la SFP contra Pablo Am\u00edlcar Sandoval y subdelegado gobierno; diputado de #morena Rub\u00e9n Cayetano. Van casi 5 meses de la primera denuncia y no he sido notificado &hellip; <a href=\"https:\/\/unoticias.com.mx\/index.php\/2020\/07\/21\/amplia-denuncia-ante-la-sfp-contra-pablo-amilcar-sandoval-y-subdelegado-gobierno-diputado-de-morena-ruben-cayetano\/\" class=\"more-link\">Leer m\u00e1s<\/a><\/p>\n","protected":false},"author":1,"featured_media":2987,"comment_status":"open","ping_status":"open","sticky":false,"template":"","format":"standard","meta":{"spay_email":"","footnotes":"","jetpack_publicize_message":"","jetpack_is_tweetstorm":false,"jetpack_publicize_feature_enabled":true},"categories":[3],"tags":[],"class_list":["post-2986","post","type-post","status-publish","format-standard","has-post-thumbnail","hentry","category-africa","entry"],"jetpack_featured_media_url":"https:\/\/unoticias.com.mx\/wp-content\/uploads\/2020\/07\/FB_IMG_1595365201377.jpg","jetpack_publicize_connections":[],"jetpack_sharing_enabled":true,"jetpack_likes_enabled":true,"_links":{"self":[{"href":"https:\/\/unoticias.com.mx\/index.php\/wp-json\/wp\/v2\/posts\/2986","targetHints":{"allow":["GET"]}}],"collection":[{"href":"https:\/\/unoticias.com.mx\/index.php\/wp-json\/wp\/v2\/posts"}],"about":[{"href":"https:\/\/unoticias.com.mx\/index.php\/wp-json\/wp\/v2\/types\/post"}],"author":[{"embeddable":true,"href":"https:\/\/unoticias.com.mx\/index.php\/wp-json\/wp\/v2\/users\/1"}],"replies":[{"embeddable":true,"href":"https:\/\/unoticias.com.mx\/index.php\/wp-json\/wp\/v2\/comments?post=2986"}],"version-history":[{"count":1,"href":"https:\/\/unoticias.com.mx\/index.php\/wp-json\/wp\/v2\/posts\/2986\/revisions"}],"predecessor-version":[{"id":2988,"href":"https:\/\/unoticias.com.mx\/index.php\/wp-json\/wp\/v2\/posts\/2986\/revisions\/2988"}],"wp:featuredmedia":[{"embeddable":true,"href":"https:\/\/unoticias.com.mx\/index.php\/wp-json\/wp\/v2\/media\/2987"}],"wp:attachment":[{"href":"https:\/\/unoticias.com.mx\/index.php\/wp-json\/wp\/v2\/media?parent=2986"}],"wp:term":[{"taxonomy":"category","embeddable":true,"href":"https:\/\/unoticias.com.mx\/index.php\/wp-json\/wp\/v2\/categories?post=2986"},{"taxonomy":"post_tag","embeddable":true,"href":"https:\/\/unoticias.com.mx\/index.php\/wp-json\/wp\/v2\/tags?post=2986"}],"curies":[{"name":"wp","href":"https:\/\/api.w.org\/{rel}","templated":true}]}}