{"id":315,"date":"2020-05-08T19:52:04","date_gmt":"2020-05-08T19:52:04","guid":{"rendered":"https:\/\/unoticias.com.mx\/?p=315"},"modified":"2020-05-08T19:52:04","modified_gmt":"2020-05-08T19:52:04","slug":"llama-gobernador-astudillo-a-evitar-politizar-acciones-por-covid-19","status":"publish","type":"post","link":"https:\/\/unoticias.com.mx\/index.php\/2020\/05\/08\/llama-gobernador-astudillo-a-evitar-politizar-acciones-por-covid-19\/","title":{"rendered":"Llama Gobernador Astudillo a evitar politizar acciones por Covid-19"},"content":{"rendered":"\n<p>Llama Gobernador Astudillo a evitar politizar acciones por Covid-19<\/p>\n\n\n\n<p>Preside Astudillo Flores Mesa para Construcci\u00f3n de la Paz<\/p>\n\n\n\n<p>Al 22 por ciento ocupaci\u00f3n de camas Covid en el Estado<\/p>\n\n\n\n<p>Acapulco, Gro., 08 de abril, 2020- El Gobernador H\u00e9ctor Astudillo Flores, llam\u00f3 a no politizar ni lucrar con la salud y los insumos m\u00e9dicos, en tiempos de emergencia sanitaria y precis\u00f3 que existe una ocupaci\u00f3n del 22 por ciento de las camas Covid en el estado.<\/p>\n\n\n\n<p>&#8220;Evitemos politizar el tema de las acciones a favor de la poblaci\u00f3n ante la pandemia del coronavirus, hemos enviado insumos para la protecci\u00f3n del personal m\u00e9dico y para la atenci\u00f3n a los pacientes con coronavirus, es necesario evitar politizar y lucrar con esos temas&#8221;, llam\u00f3 el Gobernador Astudillo Flores.<\/p>\n\n\n\n<p>En la Mesa de Coordinaci\u00f3n para la Construcci\u00f3n de la Paz, que como todos los d\u00edas preside el Gobernador Astudillo Flores, se\u00f1al\u00f3 que la prioridad en estos momentos es proteger a la ciudadan\u00eda y ayudar con atenci\u00f3n m\u00e9dica a quienes se han contagiado por el coronavirus y llam\u00f3 a atender las medidas preventivas y quedarse en casa.<\/p>\n\n\n\n<p>Por su parte, el Secretario de Salud, Carlos de la Pe\u00f1a Pintos, report\u00f3 que 42 municipios no tienen registrados casos de coronavirus y hay una ocupaci\u00f3n de 22 por ciento de camas para pacientes de COVID-19 y 74 por ciento de ventiladores disponibles.<\/p>\n\n\n\n<p>Tambi\u00e9n se conoci\u00f3 que el Presidente Andr\u00e9s Manuel L\u00f3pez Obrador, design\u00f3 al Jefe de la Unidad de Atenci\u00f3n a Poblaci\u00f3n Vulnerable, Roc\u00edo B\u00e1rcena Molina para acompa\u00f1ar los esfuerzos de las instituciones de los tres \u00f3rdenes de Gobierno en Guerrero durante la emergencia sanitaria.<\/p>\n\n\n\n<p>El Delgado Federal Pablo Amilcar Sandoval Ballesteros inform\u00f3 que se han distribuido hasta el momento 45,593 cr\u00e9ditos a la palabra a las familias afectadas por la contingencia sanitaria, cuya cifra podr\u00eda aumentar en las pr\u00f3ximas horas.<\/p>\n\n\n\n<p>Por disposici\u00f3n de la Secretar\u00eda de Marina se encuentran suspendidas el uso de todas las embarcaciones mar\u00edtimas en las bah\u00edas de las costas de Guerrero.<\/p>\n\n\n\n<p>En la sesi\u00f3n se evaluaron las acciones para disminuir la movilidad social, que alcanz\u00f3 una baja del menos 46 por ciento.<\/p>\n\n\n\n<p>Por lo que se instruy\u00f3 fortalecer la presencia de las brigadas para concientizar a la poblaci\u00f3n de la importancia de quedarse en casa.<\/p>\n\n\n\n<p>La ocupaci\u00f3n hotelera y el aforo vehicular de encuentran en su m\u00ednima expresi\u00f3n en los destinos tur\u00edsticos en la entidad.<\/p>\n\n\n\n<p>Igualmente, los vuelos nacionales e internacionales a Guerrero han sido cancelados.<\/p>\n\n\n\n<p>En la sesi\u00f3n se analizaron los hechos delictivos registrados en las \u00faltimas 24 horas y se evaluaron los operativos de seguridad en la entidad.<\/p>\n\n\n\n<p>En la sesi\u00f3n estuvieron presentes, la alcaldesa de Acapulco, Adela Rom\u00e1n Ocampo, el General Miguel Hurtado Ochoa, comandante de la Novena Regi\u00f3n Militar, el almirante Francisco Limas L\u00f3pez, comandante de la Octava Regi\u00f3n Naval, el delegado federal Pablo Amilcar Sandoval Balleteros, el secretario General de Gobierno, Florencio Salazar Adame, el Coordinador Estatal de la Guardia Nacional, General Antonio Ramos Arg\u00fcello, el Secretario de Salud, Carlos de la Pe\u00f1a Pintos y el Secretario de Seguridad P\u00fablica, David Portillo Menchaca.<\/p>\n\n\n\n<p>As\u00ed como el Fiscal General del Estado, Jorge Zuriel de los Santos Barrila, el Secretario de Finanzas y Administraci\u00f3n, Tulio P\u00e9rez Calvo, el Presidente de la Comisi\u00f3n Estatal de Derechos Humanos, Ram\u00f3n Navarrete Magdaleno, el representante del Centro Nacional de Inteligencia, Juan Gabriel Sosa Pintos, el Secretario T\u00e9cnico de la Mesa de Coordinaci\u00f3n Estatal, Hermes Teodoro Gonz\u00e1lez, el Vocero de Seguridad, Roberto \u00c1lvarez Heredia, el inspector de la Guardia Nacional Caminos, Carlos Torres Salado, el Secretario de Protecci\u00f3n Civil del Estado, Marco C\u00e9sar Mayares Salvador, el Coordinador de Comunicaci\u00f3n Social de la Octava Regi\u00f3n Naval, Benjam\u00edn Tamayo, entre otros.<\/p>\n","protected":false},"excerpt":{"rendered":"<p>Llama Gobernador Astudillo a evitar politizar acciones por Covid-19 Preside Astudillo Flores Mesa para Construcci\u00f3n de la Paz Al 22 por ciento ocupaci\u00f3n de camas Covid en el Estado Acapulco, &hellip; <a href=\"https:\/\/unoticias.com.mx\/index.php\/2020\/05\/08\/llama-gobernador-astudillo-a-evitar-politizar-acciones-por-covid-19\/\" class=\"more-link\">Leer m\u00e1s<\/a><\/p>\n","protected":false},"author":1,"featured_media":316,"comment_status":"open","ping_status":"open","sticky":false,"template":"","format":"standard","meta":{"spay_email":"","footnotes":"","jetpack_publicize_message":"","jetpack_is_tweetstorm":false,"jetpack_publicize_feature_enabled":true},"categories":[3],"tags":[],"class_list":["post-315","post","type-post","status-publish","format-standard","has-post-thumbnail","hentry","category-africa","entry"],"jetpack_featured_media_url":"https:\/\/unoticias.com.mx\/wp-content\/uploads\/2020\/05\/FB_IMG_1588966862796.jpg","jetpack_publicize_connections":[],"jetpack_sharing_enabled":true,"jetpack_likes_enabled":true,"_links":{"self":[{"href":"https:\/\/unoticias.com.mx\/index.php\/wp-json\/wp\/v2\/posts\/315","targetHints":{"allow":["GET"]}}],"collection":[{"href":"https:\/\/unoticias.com.mx\/index.php\/wp-json\/wp\/v2\/posts"}],"about":[{"href":"https:\/\/unoticias.com.mx\/index.php\/wp-json\/wp\/v2\/types\/post"}],"author":[{"embeddable":true,"href":"https:\/\/unoticias.com.mx\/index.php\/wp-json\/wp\/v2\/users\/1"}],"replies":[{"embeddable":true,"href":"https:\/\/unoticias.com.mx\/index.php\/wp-json\/wp\/v2\/comments?post=315"}],"version-history":[{"count":1,"href":"https:\/\/unoticias.com.mx\/index.php\/wp-json\/wp\/v2\/posts\/315\/revisions"}],"predecessor-version":[{"id":317,"href":"https:\/\/unoticias.com.mx\/index.php\/wp-json\/wp\/v2\/posts\/315\/revisions\/317"}],"wp:featuredmedia":[{"embeddable":true,"href":"https:\/\/unoticias.com.mx\/index.php\/wp-json\/wp\/v2\/media\/316"}],"wp:attachment":[{"href":"https:\/\/unoticias.com.mx\/index.php\/wp-json\/wp\/v2\/media?parent=315"}],"wp:term":[{"taxonomy":"category","embeddable":true,"href":"https:\/\/unoticias.com.mx\/index.php\/wp-json\/wp\/v2\/categories?post=315"},{"taxonomy":"post_tag","embeddable":true,"href":"https:\/\/unoticias.com.mx\/index.php\/wp-json\/wp\/v2\/tags?post=315"}],"curies":[{"name":"wp","href":"https:\/\/api.w.org\/{rel}","templated":true}]}}