{"id":3308,"date":"2020-08-01T14:19:15","date_gmt":"2020-08-01T14:19:15","guid":{"rendered":"https:\/\/unoticias.com.mx\/?p=3308"},"modified":"2020-08-01T14:19:15","modified_gmt":"2020-08-01T14:19:15","slug":"atacan-a-policias-ministeriales-de-cancun-un-muerto-y-un-herido","status":"publish","type":"post","link":"https:\/\/unoticias.com.mx\/index.php\/2020\/08\/01\/atacan-a-policias-ministeriales-de-cancun-un-muerto-y-un-herido\/","title":{"rendered":"Atacan a polic\u00edas ministeriales de Canc\u00fan un muerto y un herido."},"content":{"rendered":"\n<p>Atacan a polic\u00edas ministeriales de Canc\u00fan un muerto y un herido.<\/p>\n\n\n\n<p>CANC\u00daN, Muerto y un herido fue el saldo sangriento de un ataque de sujetos armados contra polic\u00edas en Canc\u00fan.<br>Agentes ministeriales fueron atacados a balazos cuando realizaban una investigaci\u00f3n en la regi\u00f3n 239, resultando uno de ellos herido, mientras que al repeler la agresi\u00f3n uno de los atacantes habr\u00eda sido abatido.<br>Al lugar de los hechos acudieron refuerzos de la polic\u00eda municipal y la fiscal\u00eda para acordonar el \u00e1rea y realizar un operativo para la captura qu\u00e9 otros facinerosos.<\/p>\n","protected":false},"excerpt":{"rendered":"<p>Atacan a polic\u00edas ministeriales de Canc\u00fan un muerto y un herido. CANC\u00daN, Muerto y un herido fue el saldo sangriento de un ataque de sujetos armados contra polic\u00edas en Canc\u00fan.Agentes &hellip; <a href=\"https:\/\/unoticias.com.mx\/index.php\/2020\/08\/01\/atacan-a-policias-ministeriales-de-cancun-un-muerto-y-un-herido\/\" class=\"more-link\">Leer m\u00e1s<\/a><\/p>\n","protected":false},"author":1,"featured_media":3309,"comment_status":"open","ping_status":"open","sticky":false,"template":"","format":"standard","meta":{"spay_email":"","footnotes":"","jetpack_publicize_message":"","jetpack_is_tweetstorm":false,"jetpack_publicize_feature_enabled":true},"categories":[15],"tags":[],"class_list":["post-3308","post","type-post","status-publish","format-standard","has-post-thumbnail","hentry","category-local-news","entry"],"jetpack_featured_media_url":"https:\/\/unoticias.com.mx\/wp-content\/uploads\/2020\/08\/FB_IMG_1596291303125.jpg","jetpack_publicize_connections":[],"jetpack_sharing_enabled":true,"jetpack_likes_enabled":true,"_links":{"self":[{"href":"https:\/\/unoticias.com.mx\/index.php\/wp-json\/wp\/v2\/posts\/3308","targetHints":{"allow":["GET"]}}],"collection":[{"href":"https:\/\/unoticias.com.mx\/index.php\/wp-json\/wp\/v2\/posts"}],"about":[{"href":"https:\/\/unoticias.com.mx\/index.php\/wp-json\/wp\/v2\/types\/post"}],"author":[{"embeddable":true,"href":"https:\/\/unoticias.com.mx\/index.php\/wp-json\/wp\/v2\/users\/1"}],"replies":[{"embeddable":true,"href":"https:\/\/unoticias.com.mx\/index.php\/wp-json\/wp\/v2\/comments?post=3308"}],"version-history":[{"count":1,"href":"https:\/\/unoticias.com.mx\/index.php\/wp-json\/wp\/v2\/posts\/3308\/revisions"}],"predecessor-version":[{"id":3310,"href":"https:\/\/unoticias.com.mx\/index.php\/wp-json\/wp\/v2\/posts\/3308\/revisions\/3310"}],"wp:featuredmedia":[{"embeddable":true,"href":"https:\/\/unoticias.com.mx\/index.php\/wp-json\/wp\/v2\/media\/3309"}],"wp:attachment":[{"href":"https:\/\/unoticias.com.mx\/index.php\/wp-json\/wp\/v2\/media?parent=3308"}],"wp:term":[{"taxonomy":"category","embeddable":true,"href":"https:\/\/unoticias.com.mx\/index.php\/wp-json\/wp\/v2\/categories?post=3308"},{"taxonomy":"post_tag","embeddable":true,"href":"https:\/\/unoticias.com.mx\/index.php\/wp-json\/wp\/v2\/tags?post=3308"}],"curies":[{"name":"wp","href":"https:\/\/api.w.org\/{rel}","templated":true}]}}