{"id":3382,"date":"2020-08-04T02:31:21","date_gmt":"2020-08-04T02:31:21","guid":{"rendered":"https:\/\/unoticias.com.mx\/?p=3382"},"modified":"2020-08-04T02:31:21","modified_gmt":"2020-08-04T02:31:21","slug":"cerrado-y-sin-medicamentos-el-centro-de-salud-de-cuajinicuilapa","status":"publish","type":"post","link":"https:\/\/unoticias.com.mx\/index.php\/2020\/08\/04\/cerrado-y-sin-medicamentos-el-centro-de-salud-de-cuajinicuilapa\/","title":{"rendered":"CERRADO Y SIN MEDICAMENTOS, EL CENTRO DE SALUD DE CUAJINICUILAPA."},"content":{"rendered":"\n<p>CERRADO Y SIN MEDICAMENTOS, EL CENTRO DE SALUD DE CUAJINICUILAPA.<\/p>\n\n\n\n<p>ESCRIBE: Javier Reyes<br>CUAJINICUILAPA, GRO. El centro de salud de Cuajinicuilapa, que se ubica frente a la iglesia San Nicol\u00e1s Tolentino, en el centro de la cabecera municipal, se encuentra cerrado al p\u00fablico, denuncian ciudadanos.<br>Los denunciantes aseguran que no hay m\u00e9dicos ni medicamentos en este centro de salud, aunque muchas personas buscan atenci\u00f3n m\u00e9dica en ese lugar, no la encuentran.<br>Atendiendo a las quejas de los ciudadanos, este reportero acudi\u00f3 al dicho centro de salud, encontr\u00e1ndolo cerrado con candado y no hab\u00eda ninguna persona que atienda a la ciudadan\u00eda, aun siendo d\u00eda y hora laborable.<br>Ante esta situaci\u00f3n, los habitantes indicaron que tienen que ir a cl\u00ednicas particulares, ya que el centro de salud, por lo general, permanece cerrado. Supuestamente, deben abrir de las 8:00 hasta las 20:00 horas, pero mencionan que no abren y en caso de que abran no hay personal m\u00e9dico que los atienda.<br>Los ciudadanos piden a las autoridades de salud, a la Jurisdicci\u00f3n Sanitaria 06 y a Carlos de la Pe\u00f1a Pintos, secretario de Salud del estado, que pongan personal en este centro de salud y que se atienda a la ciudadan\u00eda.<\/p>\n","protected":false},"excerpt":{"rendered":"<p>CERRADO Y SIN MEDICAMENTOS, EL CENTRO DE SALUD DE CUAJINICUILAPA. ESCRIBE: Javier ReyesCUAJINICUILAPA, GRO. El centro de salud de Cuajinicuilapa, que se ubica frente a la iglesia San Nicol\u00e1s Tolentino, &hellip; <a href=\"https:\/\/unoticias.com.mx\/index.php\/2020\/08\/04\/cerrado-y-sin-medicamentos-el-centro-de-salud-de-cuajinicuilapa\/\" class=\"more-link\">Leer m\u00e1s<\/a><\/p>\n","protected":false},"author":1,"featured_media":3383,"comment_status":"open","ping_status":"open","sticky":false,"template":"","format":"standard","meta":{"spay_email":"","footnotes":"","jetpack_publicize_message":"","jetpack_is_tweetstorm":false,"jetpack_publicize_feature_enabled":true},"categories":[1],"tags":[],"class_list":["post-3382","post","type-post","status-publish","format-standard","has-post-thumbnail","hentry","category-sin-categoria","entry"],"jetpack_featured_media_url":"https:\/\/unoticias.com.mx\/wp-content\/uploads\/2020\/08\/FB_IMG_1596508095497.jpg","jetpack_publicize_connections":[],"jetpack_sharing_enabled":true,"jetpack_likes_enabled":true,"_links":{"self":[{"href":"https:\/\/unoticias.com.mx\/index.php\/wp-json\/wp\/v2\/posts\/3382","targetHints":{"allow":["GET"]}}],"collection":[{"href":"https:\/\/unoticias.com.mx\/index.php\/wp-json\/wp\/v2\/posts"}],"about":[{"href":"https:\/\/unoticias.com.mx\/index.php\/wp-json\/wp\/v2\/types\/post"}],"author":[{"embeddable":true,"href":"https:\/\/unoticias.com.mx\/index.php\/wp-json\/wp\/v2\/users\/1"}],"replies":[{"embeddable":true,"href":"https:\/\/unoticias.com.mx\/index.php\/wp-json\/wp\/v2\/comments?post=3382"}],"version-history":[{"count":1,"href":"https:\/\/unoticias.com.mx\/index.php\/wp-json\/wp\/v2\/posts\/3382\/revisions"}],"predecessor-version":[{"id":3384,"href":"https:\/\/unoticias.com.mx\/index.php\/wp-json\/wp\/v2\/posts\/3382\/revisions\/3384"}],"wp:featuredmedia":[{"embeddable":true,"href":"https:\/\/unoticias.com.mx\/index.php\/wp-json\/wp\/v2\/media\/3383"}],"wp:attachment":[{"href":"https:\/\/unoticias.com.mx\/index.php\/wp-json\/wp\/v2\/media?parent=3382"}],"wp:term":[{"taxonomy":"category","embeddable":true,"href":"https:\/\/unoticias.com.mx\/index.php\/wp-json\/wp\/v2\/categories?post=3382"},{"taxonomy":"post_tag","embeddable":true,"href":"https:\/\/unoticias.com.mx\/index.php\/wp-json\/wp\/v2\/tags?post=3382"}],"curies":[{"name":"wp","href":"https:\/\/api.w.org\/{rel}","templated":true}]}}