{"id":3452,"date":"2020-08-06T13:31:22","date_gmt":"2020-08-06T13:31:22","guid":{"rendered":"https:\/\/unoticias.com.mx\/?p=3452"},"modified":"2020-08-06T13:31:22","modified_gmt":"2020-08-06T13:31:22","slug":"grupo-delictivo-de-iguala-amenaza-a-periodistas","status":"publish","type":"post","link":"https:\/\/unoticias.com.mx\/index.php\/2020\/08\/06\/grupo-delictivo-de-iguala-amenaza-a-periodistas\/","title":{"rendered":"Grupo delictivo de Iguala, amenaza a Periodistas."},"content":{"rendered":"\n<p>Grupo delictivo de Iguala, amenaza a Periodistas.<\/p>\n\n\n\n<p>Escribe: Ezequiel Flores.<\/p>\n\n\n\n<p>CHILPANCINGO, Gro. (apro).- El grupo delictivo Los Tlacos lanz\u00f3 una amenaza de muerte contra el gremio period\u00edstico de la ciudad de Iguala, tras acusar a sus integrantes de estar al servicio de su rival, Guerreros Unidos.<br>En respuesta, reporteros de Iguala acordaron un pacto de autocensura ante la falta de garant\u00edas para desempe\u00f1ar su trabajo y los niveles de impunidad y violencia que ya alcanzaron a periodistas e instalaciones de medios de Comunicaci\u00f3n.<\/p>\n\n\n\n<p>Grupo armado ataca talleres de El Diario de Iguala<\/p>\n\n\n\n<p>A trav\u00e9s de un mensaje difundido en redes sociales, presuntos operadores de Los Tlacos, banda que dirigir\u00eda On\u00e9simo \u201cEl Necho\u201d Marquina Chapa, anunciaron que tomaron la plaza de Iguala y desplazaron al \u00faltimo reducto de los Guerreros Unidos, denominado La Bandera.<br>En su mensaje, el grupo delictivo, cuyo vocero ser\u00eda Humberto Moreno Catal\u00e1n -primo de Mario Moreno Arcos, quien se desempe\u00f1a como secretario de Desarrollo Social del gobierno estatal-, amenaz\u00f3 de muerte a periodistas de la ciudad de Iguala.<br>\u201cGente de Iguala ya es tiempo de que sepan lo que est\u00e1 sucediendo. Los medios de comunicaci\u00f3n no quieren informar con la verdad ya que todos est\u00e1n trabajando para los hijos de su puta madre de La Bandera. Ning\u00fan medio se atreve a decir, ni a publicar lo que es pero la realidad es que ya estamos aqu\u00ed para terminar de limpiar a esos mierdas (sic)\u201d, dice el mensaje difundido en redes sociales.<br>Pese a que las autoridades de los tres niveles y el Ej\u00e9rcito tienen pleno conocimiento de la confrontaci\u00f3n armada entre Los Tlacos y Guerreros Unidos por el control de la franja minera del R\u00edo Balsas, los actos de violencia no cesan y se ha convertido en una cacer\u00eda contra presuntos delincuentes que son considerados clave en el caso Ayotzinapa.<br>La amenaza contra el gremio period\u00edstico en Iguala se registra tras el asesinato del reportero Pablo Morrugares y el atentado contra las instalaciones del peri\u00f3dico El Diario de Iguala.<\/p>\n","protected":false},"excerpt":{"rendered":"<p>Grupo delictivo de Iguala, amenaza a Periodistas. Escribe: Ezequiel Flores. CHILPANCINGO, Gro. (apro).- El grupo delictivo Los Tlacos lanz\u00f3 una amenaza de muerte contra el gremio period\u00edstico de la ciudad &hellip; <a href=\"https:\/\/unoticias.com.mx\/index.php\/2020\/08\/06\/grupo-delictivo-de-iguala-amenaza-a-periodistas\/\" class=\"more-link\">Leer m\u00e1s<\/a><\/p>\n","protected":false},"author":1,"featured_media":3453,"comment_status":"open","ping_status":"open","sticky":false,"template":"","format":"standard","meta":{"spay_email":"","footnotes":"","jetpack_publicize_message":"","jetpack_is_tweetstorm":false,"jetpack_publicize_feature_enabled":true},"categories":[15],"tags":[],"class_list":["post-3452","post","type-post","status-publish","format-standard","has-post-thumbnail","hentry","category-local-news","entry"],"jetpack_featured_media_url":"https:\/\/unoticias.com.mx\/wp-content\/uploads\/2020\/08\/LogoLicious_20200806_082326.jpg","jetpack_publicize_connections":[],"jetpack_sharing_enabled":true,"jetpack_likes_enabled":true,"_links":{"self":[{"href":"https:\/\/unoticias.com.mx\/index.php\/wp-json\/wp\/v2\/posts\/3452","targetHints":{"allow":["GET"]}}],"collection":[{"href":"https:\/\/unoticias.com.mx\/index.php\/wp-json\/wp\/v2\/posts"}],"about":[{"href":"https:\/\/unoticias.com.mx\/index.php\/wp-json\/wp\/v2\/types\/post"}],"author":[{"embeddable":true,"href":"https:\/\/unoticias.com.mx\/index.php\/wp-json\/wp\/v2\/users\/1"}],"replies":[{"embeddable":true,"href":"https:\/\/unoticias.com.mx\/index.php\/wp-json\/wp\/v2\/comments?post=3452"}],"version-history":[{"count":1,"href":"https:\/\/unoticias.com.mx\/index.php\/wp-json\/wp\/v2\/posts\/3452\/revisions"}],"predecessor-version":[{"id":3454,"href":"https:\/\/unoticias.com.mx\/index.php\/wp-json\/wp\/v2\/posts\/3452\/revisions\/3454"}],"wp:featuredmedia":[{"embeddable":true,"href":"https:\/\/unoticias.com.mx\/index.php\/wp-json\/wp\/v2\/media\/3453"}],"wp:attachment":[{"href":"https:\/\/unoticias.com.mx\/index.php\/wp-json\/wp\/v2\/media?parent=3452"}],"wp:term":[{"taxonomy":"category","embeddable":true,"href":"https:\/\/unoticias.com.mx\/index.php\/wp-json\/wp\/v2\/categories?post=3452"},{"taxonomy":"post_tag","embeddable":true,"href":"https:\/\/unoticias.com.mx\/index.php\/wp-json\/wp\/v2\/tags?post=3452"}],"curies":[{"name":"wp","href":"https:\/\/api.w.org\/{rel}","templated":true}]}}