{"id":3456,"date":"2020-08-06T13:55:58","date_gmt":"2020-08-06T13:55:58","guid":{"rendered":"https:\/\/unoticias.com.mx\/?p=3456"},"modified":"2020-08-06T13:55:58","modified_gmt":"2020-08-06T13:55:58","slug":"el-gobierno-de-atlixtac-encabezado-por-marcelino-ruiz-esteban-construye-una-cancha-y-techado","status":"publish","type":"post","link":"https:\/\/unoticias.com.mx\/index.php\/2020\/08\/06\/el-gobierno-de-atlixtac-encabezado-por-marcelino-ruiz-esteban-construye-una-cancha-y-techado\/","title":{"rendered":"El Gobierno de Atlixtac encabezado por Marcelino Ruiz Esteban, construye una cancha y techado"},"content":{"rendered":"\n<p>El Gobierno de Atlixtac encabezado por Marcelino Ruiz Esteban, construye una cancha y techado.<\/p>\n\n\n\n<p>ATLIXTAC, GRO.- Con el objetivo de mejorar la infraestructura educativa, el Gobierno Municipal que encabeza el Profesor #MarcelinoRuizEsteban, construir\u00e1 una cancha con techado para la Escuela Primaria Juan N. \u00c1lvarez, de la colonia Los Manantiales de esta cabecera municipal.<br>En representaci\u00f3n del alcalde Marcelino Ruiz Esteban, acudi\u00f3 Adolfo Ortiz Navez, junto con los difetentes directores y directoras de departamento del Honorable Ayuntamiento, quienes procedieron a dar el banderazo de inicio de construcci\u00f3n de una cancha y techado que servir\u00e1 a los alumnos y maestros de la intutuci\u00f3n educativa mencionada.<br>Ortiz Navez, destac\u00f3 que a pesar de la pandemia del COVID 19, el gobierno de Marcelino Ruiz Esteban, est\u00e1 cumpliendo con la ejecuci\u00f3n de diversas obras sociales en todo el municipio de #Atlixtac.<\/p>\n\n\n\n<h1 class=\"wp-block-heading\">SeguimosAvanzando.<\/h1>\n\n\n\n<h1 class=\"wp-block-heading\">Atlixtac<\/h1>\n\n\n\n<h1 class=\"wp-block-heading\">QuedateEnCasa.<\/h1>\n","protected":false},"excerpt":{"rendered":"<p>El Gobierno de Atlixtac encabezado por Marcelino Ruiz Esteban, construye una cancha y techado. ATLIXTAC, GRO.- Con el objetivo de mejorar la infraestructura educativa, el Gobierno Municipal que encabeza el &hellip; <a href=\"https:\/\/unoticias.com.mx\/index.php\/2020\/08\/06\/el-gobierno-de-atlixtac-encabezado-por-marcelino-ruiz-esteban-construye-una-cancha-y-techado\/\" class=\"more-link\">Leer m\u00e1s<\/a><\/p>\n","protected":false},"author":1,"featured_media":3457,"comment_status":"open","ping_status":"open","sticky":false,"template":"","format":"standard","meta":{"spay_email":"","footnotes":"","jetpack_publicize_message":"","jetpack_is_tweetstorm":false,"jetpack_publicize_feature_enabled":true},"categories":[15],"tags":[],"class_list":["post-3456","post","type-post","status-publish","format-standard","has-post-thumbnail","hentry","category-local-news","entry"],"jetpack_featured_media_url":"https:\/\/unoticias.com.mx\/wp-content\/uploads\/2020\/08\/FB_IMG_1596721891378.jpg","jetpack_publicize_connections":[],"jetpack_sharing_enabled":true,"jetpack_likes_enabled":true,"_links":{"self":[{"href":"https:\/\/unoticias.com.mx\/index.php\/wp-json\/wp\/v2\/posts\/3456","targetHints":{"allow":["GET"]}}],"collection":[{"href":"https:\/\/unoticias.com.mx\/index.php\/wp-json\/wp\/v2\/posts"}],"about":[{"href":"https:\/\/unoticias.com.mx\/index.php\/wp-json\/wp\/v2\/types\/post"}],"author":[{"embeddable":true,"href":"https:\/\/unoticias.com.mx\/index.php\/wp-json\/wp\/v2\/users\/1"}],"replies":[{"embeddable":true,"href":"https:\/\/unoticias.com.mx\/index.php\/wp-json\/wp\/v2\/comments?post=3456"}],"version-history":[{"count":1,"href":"https:\/\/unoticias.com.mx\/index.php\/wp-json\/wp\/v2\/posts\/3456\/revisions"}],"predecessor-version":[{"id":3458,"href":"https:\/\/unoticias.com.mx\/index.php\/wp-json\/wp\/v2\/posts\/3456\/revisions\/3458"}],"wp:featuredmedia":[{"embeddable":true,"href":"https:\/\/unoticias.com.mx\/index.php\/wp-json\/wp\/v2\/media\/3457"}],"wp:attachment":[{"href":"https:\/\/unoticias.com.mx\/index.php\/wp-json\/wp\/v2\/media?parent=3456"}],"wp:term":[{"taxonomy":"category","embeddable":true,"href":"https:\/\/unoticias.com.mx\/index.php\/wp-json\/wp\/v2\/categories?post=3456"},{"taxonomy":"post_tag","embeddable":true,"href":"https:\/\/unoticias.com.mx\/index.php\/wp-json\/wp\/v2\/tags?post=3456"}],"curies":[{"name":"wp","href":"https:\/\/api.w.org\/{rel}","templated":true}]}}