{"id":3617,"date":"2020-08-10T19:47:17","date_gmt":"2020-08-10T19:47:17","guid":{"rendered":"https:\/\/unoticias.com.mx\/?p=3617"},"modified":"2020-08-10T19:47:17","modified_gmt":"2020-08-10T19:47:17","slug":"vinculan-a-proceso-a-presuntos-narcomenudistas-y-ladrones","status":"publish","type":"post","link":"https:\/\/unoticias.com.mx\/index.php\/2020\/08\/10\/vinculan-a-proceso-a-presuntos-narcomenudistas-y-ladrones\/","title":{"rendered":"Vinculan a proceso a presuntos narcomenudistas y ladrones."},"content":{"rendered":"\n<p>Vinculan a proceso a presuntos narcomenudistas y ladrones.<\/p>\n\n\n\n<p>La Fiscal\u00eda General del Estado de #Puebla obtuvo del Juez de Control, la vinculaci\u00f3n a proceso con prisi\u00f3n preventiva contra Raymundo N. y\/o Reymundo N. de 24 a\u00f1os de edad, y Jos\u00e9 N. y\/o Jos\u00e9 Antonio N. de 19 a\u00f1os de edad, presuntos responsables de robo de veh\u00edculo agravado y delitos contra la salud.<br>El 22 de mayo de 2020 la v\u00edctima circulaba a bordo de una motocicleta sobre la carretera federal Tehuac\u00e1n-C\u00f3rdoba cuando fue interceptada por los imputados quienes con un arma de fuego y una navaja la amagaron para despojarla de la unidad.<br>Al pedir apoyo por los hechos ocurridos, elementos de la Guardia Nacional lograron darle alcance a los presuntos responsables, mismos que adem\u00e1s fueron detenidos en posesi\u00f3n de 15 bolsas de pl\u00e1stico con polvo blanco con caracter\u00edsticas de la coca\u00edna y un envoltorio con al parecer cristal.<br>Luego de su puesta a disposici\u00f3n, la Fiscal\u00eda de Puebla logr\u00f3 obtener de la autoridad judicial, auto de vinculaci\u00f3n a proceso por delitos contra la salud y robo de veh\u00edculo agravado contra ambos imputados, quienes deber\u00e1n permanecer en prisi\u00f3n preventiva oficiosa como medida cautelar.<\/p>\n","protected":false},"excerpt":{"rendered":"<p>Vinculan a proceso a presuntos narcomenudistas y ladrones. La Fiscal\u00eda General del Estado de #Puebla obtuvo del Juez de Control, la vinculaci\u00f3n a proceso con prisi\u00f3n preventiva contra Raymundo N. &hellip; <a href=\"https:\/\/unoticias.com.mx\/index.php\/2020\/08\/10\/vinculan-a-proceso-a-presuntos-narcomenudistas-y-ladrones\/\" class=\"more-link\">Leer m\u00e1s<\/a><\/p>\n","protected":false},"author":1,"featured_media":3618,"comment_status":"open","ping_status":"open","sticky":false,"template":"","format":"standard","meta":{"spay_email":"","footnotes":"","jetpack_publicize_message":"","jetpack_is_tweetstorm":false,"jetpack_publicize_feature_enabled":true},"categories":[15],"tags":[],"class_list":["post-3617","post","type-post","status-publish","format-standard","has-post-thumbnail","hentry","category-local-news","entry"],"jetpack_featured_media_url":"https:\/\/unoticias.com.mx\/wp-content\/uploads\/2020\/08\/IMG_20200810_144515_486.jpg","jetpack_publicize_connections":[],"jetpack_sharing_enabled":true,"jetpack_likes_enabled":true,"_links":{"self":[{"href":"https:\/\/unoticias.com.mx\/index.php\/wp-json\/wp\/v2\/posts\/3617","targetHints":{"allow":["GET"]}}],"collection":[{"href":"https:\/\/unoticias.com.mx\/index.php\/wp-json\/wp\/v2\/posts"}],"about":[{"href":"https:\/\/unoticias.com.mx\/index.php\/wp-json\/wp\/v2\/types\/post"}],"author":[{"embeddable":true,"href":"https:\/\/unoticias.com.mx\/index.php\/wp-json\/wp\/v2\/users\/1"}],"replies":[{"embeddable":true,"href":"https:\/\/unoticias.com.mx\/index.php\/wp-json\/wp\/v2\/comments?post=3617"}],"version-history":[{"count":1,"href":"https:\/\/unoticias.com.mx\/index.php\/wp-json\/wp\/v2\/posts\/3617\/revisions"}],"predecessor-version":[{"id":3619,"href":"https:\/\/unoticias.com.mx\/index.php\/wp-json\/wp\/v2\/posts\/3617\/revisions\/3619"}],"wp:featuredmedia":[{"embeddable":true,"href":"https:\/\/unoticias.com.mx\/index.php\/wp-json\/wp\/v2\/media\/3618"}],"wp:attachment":[{"href":"https:\/\/unoticias.com.mx\/index.php\/wp-json\/wp\/v2\/media?parent=3617"}],"wp:term":[{"taxonomy":"category","embeddable":true,"href":"https:\/\/unoticias.com.mx\/index.php\/wp-json\/wp\/v2\/categories?post=3617"},{"taxonomy":"post_tag","embeddable":true,"href":"https:\/\/unoticias.com.mx\/index.php\/wp-json\/wp\/v2\/tags?post=3617"}],"curies":[{"name":"wp","href":"https:\/\/api.w.org\/{rel}","templated":true}]}}