{"id":3623,"date":"2020-08-11T17:40:34","date_gmt":"2020-08-11T17:40:34","guid":{"rendered":"https:\/\/unoticias.com.mx\/?p=3623"},"modified":"2020-08-11T17:40:34","modified_gmt":"2020-08-11T17:40:34","slug":"balacera-en-pleno-centro-de-acatepec-grave-comandante-de-la-policia-municipal-y-su-hijo","status":"publish","type":"post","link":"https:\/\/unoticias.com.mx\/index.php\/2020\/08\/11\/balacera-en-pleno-centro-de-acatepec-grave-comandante-de-la-policia-municipal-y-su-hijo\/","title":{"rendered":"Balacera en pleno centro de  Acatepec; Grave  comandante de la polic\u00eda municipal y su hijo."},"content":{"rendered":"\n<p>Balacera en pleno centro de&nbsp; Acatepec; Grave&nbsp; comandante de la polic\u00eda municipal y su hijo.<\/p>\n\n\n\n<p>ACATEPEC, GRO. Sujetos desconocidos balacearon al comandante de la polic\u00eda municipal y a su hijo en pleno centro de esta poblaci\u00f3n.<br>Los hechos ocurrieron cuando el comandante de la polic\u00eda municipal Gonzalo N y su hijo de 14 a\u00f1os, fueron alcanzadas por las balas.<br>el miedo y terror se apoder\u00f3 de los habitantes que se encontraban en la cancha por lo que corrieron a esconderse para evitar ser alcanzados por las balas.<br>El jefe policiaco y su hijo fueron&nbsp; trasladados al hospital general de #Chilpancingo para su atenci\u00f3n m\u00e9dica y los reportan graves.<br>Se ignora cu\u00e1l fue el origen del ataque, que por momentos caus\u00f3 miedo de las personas que se encontraban como cada tarde en la cancha principal de esta poblaci\u00f3n.<br>Sobre estos hechos Se ha guardado un hermetismo&nbsp; total toda vez de que la poblaci\u00f3n tiene miedo.<br><\/p>\n","protected":false},"excerpt":{"rendered":"<p>Balacera en pleno centro de&nbsp; Acatepec; Grave&nbsp; comandante de la polic\u00eda municipal y su hijo. ACATEPEC, GRO. Sujetos desconocidos balacearon al comandante de la polic\u00eda municipal y a su hijo &hellip; <a href=\"https:\/\/unoticias.com.mx\/index.php\/2020\/08\/11\/balacera-en-pleno-centro-de-acatepec-grave-comandante-de-la-policia-municipal-y-su-hijo\/\" class=\"more-link\">Leer m\u00e1s<\/a><\/p>\n","protected":false},"author":1,"featured_media":3624,"comment_status":"open","ping_status":"open","sticky":false,"template":"","format":"standard","meta":{"spay_email":"","footnotes":"","jetpack_publicize_message":"","jetpack_is_tweetstorm":false,"jetpack_publicize_feature_enabled":true},"categories":[6],"tags":[],"class_list":["post-3623","post","type-post","status-publish","format-standard","has-post-thumbnail","hentry","category-asia","entry"],"jetpack_featured_media_url":"https:\/\/unoticias.com.mx\/wp-content\/uploads\/2020\/08\/IMG_20200811_123912_680.jpg","jetpack_publicize_connections":[],"jetpack_sharing_enabled":true,"jetpack_likes_enabled":true,"_links":{"self":[{"href":"https:\/\/unoticias.com.mx\/index.php\/wp-json\/wp\/v2\/posts\/3623","targetHints":{"allow":["GET"]}}],"collection":[{"href":"https:\/\/unoticias.com.mx\/index.php\/wp-json\/wp\/v2\/posts"}],"about":[{"href":"https:\/\/unoticias.com.mx\/index.php\/wp-json\/wp\/v2\/types\/post"}],"author":[{"embeddable":true,"href":"https:\/\/unoticias.com.mx\/index.php\/wp-json\/wp\/v2\/users\/1"}],"replies":[{"embeddable":true,"href":"https:\/\/unoticias.com.mx\/index.php\/wp-json\/wp\/v2\/comments?post=3623"}],"version-history":[{"count":1,"href":"https:\/\/unoticias.com.mx\/index.php\/wp-json\/wp\/v2\/posts\/3623\/revisions"}],"predecessor-version":[{"id":3625,"href":"https:\/\/unoticias.com.mx\/index.php\/wp-json\/wp\/v2\/posts\/3623\/revisions\/3625"}],"wp:featuredmedia":[{"embeddable":true,"href":"https:\/\/unoticias.com.mx\/index.php\/wp-json\/wp\/v2\/media\/3624"}],"wp:attachment":[{"href":"https:\/\/unoticias.com.mx\/index.php\/wp-json\/wp\/v2\/media?parent=3623"}],"wp:term":[{"taxonomy":"category","embeddable":true,"href":"https:\/\/unoticias.com.mx\/index.php\/wp-json\/wp\/v2\/categories?post=3623"},{"taxonomy":"post_tag","embeddable":true,"href":"https:\/\/unoticias.com.mx\/index.php\/wp-json\/wp\/v2\/tags?post=3623"}],"curies":[{"name":"wp","href":"https:\/\/api.w.org\/{rel}","templated":true}]}}