{"id":3626,"date":"2020-08-11T17:58:46","date_gmt":"2020-08-11T17:58:46","guid":{"rendered":"https:\/\/unoticias.com.mx\/?p=3626"},"modified":"2020-08-11T17:58:46","modified_gmt":"2020-08-11T17:58:46","slug":"se-instala-la-coordinacion-del-pt-en-ometepec-wences-real","status":"publish","type":"post","link":"https:\/\/unoticias.com.mx\/index.php\/2020\/08\/11\/se-instala-la-coordinacion-del-pt-en-ometepec-wences-real\/","title":{"rendered":"Se instala la Coordinaci\u00f3n del PT en Ometepec: Wences Real."},"content":{"rendered":"\n<p>Se instala la Coordinaci\u00f3n del PT en Ometepec: Wences Real.<\/p>\n\n\n\n<p>OMETEPEC, GRO. La dirigencia estatal del partido del trabajo en Guerrero, que encabeza #VictorianoWencesReal, tom\u00f3 protesta a #Rom\u00e1nHern\u00e1ndezMeza, #\u00c9lidaGarc\u00edaHern\u00e1ndez y #RigobertoChac\u00f3nMelo el domingo en calidad de Coordinadora Municipal del Partido del Trabajo (#PT) en #Ometepec, en preparaci\u00f3n de las actividades para el pr\u00f3ximo proceso electoral constitucional en Guerrero.<br>Hern\u00e1ndez Meza, indic\u00f3 que tambi\u00e9n rindi\u00f3 protesta estatutaria la Coordinadora Ejecutiva de nueve integrantes, entre los cuales est\u00e1n Anah\u00ed Morales, a las 16 horas de ayer en las instalaciones del partido en la esquina de las calles 16 de Septiembre y Cinco de Febrero, centro de Ometepec.<br>Tres de ellos se aprestan a participar en breve en el Congreso estatal del partido en Chilpancingo, para nombrar las mismas Coordinaciones pero a nivel de entidad federativa, abund\u00f3 el l\u00edder local.<br>Fueron medio centenar los militantes petistas convocados ayer a las oficinas en Ometepec, quienes guardando la sana distancia y dem\u00e1s medidas de contenci\u00f3n al Coronavirus decidieron el nombramiento de sus compa\u00f1eros en ambos \u00f3rganos internos partidistas, quedando todos bien representados, concluy\u00f3.<\/p>\n","protected":false},"excerpt":{"rendered":"<p>Se instala la Coordinaci\u00f3n del PT en Ometepec: Wences Real. OMETEPEC, GRO. La dirigencia estatal del partido del trabajo en Guerrero, que encabeza #VictorianoWencesReal, tom\u00f3 protesta a #Rom\u00e1nHern\u00e1ndezMeza, #\u00c9lidaGarc\u00edaHern\u00e1ndez y &hellip; <a href=\"https:\/\/unoticias.com.mx\/index.php\/2020\/08\/11\/se-instala-la-coordinacion-del-pt-en-ometepec-wences-real\/\" class=\"more-link\">Leer m\u00e1s<\/a><\/p>\n","protected":false},"author":1,"featured_media":3627,"comment_status":"open","ping_status":"open","sticky":false,"template":"","format":"standard","meta":{"spay_email":"","footnotes":"","jetpack_publicize_message":"","jetpack_is_tweetstorm":false,"jetpack_publicize_feature_enabled":true},"categories":[15],"tags":[],"class_list":["post-3626","post","type-post","status-publish","format-standard","has-post-thumbnail","hentry","category-local-news","entry"],"jetpack_featured_media_url":"https:\/\/unoticias.com.mx\/wp-content\/uploads\/2020\/08\/FB_IMG_1597168335665.jpg","jetpack_publicize_connections":[],"jetpack_sharing_enabled":true,"jetpack_likes_enabled":true,"_links":{"self":[{"href":"https:\/\/unoticias.com.mx\/index.php\/wp-json\/wp\/v2\/posts\/3626","targetHints":{"allow":["GET"]}}],"collection":[{"href":"https:\/\/unoticias.com.mx\/index.php\/wp-json\/wp\/v2\/posts"}],"about":[{"href":"https:\/\/unoticias.com.mx\/index.php\/wp-json\/wp\/v2\/types\/post"}],"author":[{"embeddable":true,"href":"https:\/\/unoticias.com.mx\/index.php\/wp-json\/wp\/v2\/users\/1"}],"replies":[{"embeddable":true,"href":"https:\/\/unoticias.com.mx\/index.php\/wp-json\/wp\/v2\/comments?post=3626"}],"version-history":[{"count":1,"href":"https:\/\/unoticias.com.mx\/index.php\/wp-json\/wp\/v2\/posts\/3626\/revisions"}],"predecessor-version":[{"id":3628,"href":"https:\/\/unoticias.com.mx\/index.php\/wp-json\/wp\/v2\/posts\/3626\/revisions\/3628"}],"wp:featuredmedia":[{"embeddable":true,"href":"https:\/\/unoticias.com.mx\/index.php\/wp-json\/wp\/v2\/media\/3627"}],"wp:attachment":[{"href":"https:\/\/unoticias.com.mx\/index.php\/wp-json\/wp\/v2\/media?parent=3626"}],"wp:term":[{"taxonomy":"category","embeddable":true,"href":"https:\/\/unoticias.com.mx\/index.php\/wp-json\/wp\/v2\/categories?post=3626"},{"taxonomy":"post_tag","embeddable":true,"href":"https:\/\/unoticias.com.mx\/index.php\/wp-json\/wp\/v2\/tags?post=3626"}],"curies":[{"name":"wp","href":"https:\/\/api.w.org\/{rel}","templated":true}]}}