{"id":3863,"date":"2020-08-18T02:35:14","date_gmt":"2020-08-18T02:35:14","guid":{"rendered":"https:\/\/unoticias.com.mx\/?p=3863"},"modified":"2020-08-18T02:35:14","modified_gmt":"2020-08-18T02:35:14","slug":"feminicida-recibe-26-anos-de-prision-mato-a-su-esposa-maestra-de-danza","status":"publish","type":"post","link":"https:\/\/unoticias.com.mx\/index.php\/2020\/08\/18\/feminicida-recibe-26-anos-de-prision-mato-a-su-esposa-maestra-de-danza\/","title":{"rendered":"Feminicida recibe 26 a\u00f1os de prisi\u00f3n; mat\u00f3 a su esposa, maestra de danza."},"content":{"rendered":"\n<p>Feminicida recibe 26 a\u00f1os de prisi\u00f3n; mat\u00f3 a su esposa, maestra de danza.<\/p>\n\n\n\n<p>*El crimen ocurri\u00f3 en diciembre de 2019 en las instalaciones de la Universidad Aut\u00f3noma del Estado de M\u00e9xico.<\/p>\n\n\n\n<p>Edgar Rafael Delgado Pe\u00f1a pasar\u00e1 los pr\u00f3ximos 26 a\u00f1os de su vida en prisi\u00f3n, al ser condenado por el feminicidio de su pareja sentimental, maestra de danza de la Universidad Aut\u00f3noma del Estado de M\u00e9xico (UAEM).<br>Un juez con sede en Almoloya de Ju\u00e1rez dict\u00f3 la condena contra este hombre, adem\u00e1s le fij\u00f3 multas de 39 mil 428 pesos y dos millones 643 mil pesos como reparaci\u00f3n del da\u00f1o y la suspensi\u00f3n de sus derechos civiles y pol\u00edticos.<br>El feminicidio ocurri\u00f3 el 9 de diciembre de 2019 en los ba\u00f1os de la zona de camerinos de las instalaciones del Teatro Universitario, donde luego de una discusi\u00f3n \u00e9l la asfixi\u00f3.<br>Su cuerpo sin vida fue encontrado hasta el d\u00eda siguiente, donde personal de la FGJEM comenz\u00f3 las diligencias para esclarecer el feminicidio.<br>Polic\u00edas de Investigaci\u00f3n cumplimentaron la orden de aprehensi\u00f3n emitida por la Fiscal\u00eda General el 12 de diciembre contra Delgado Pe\u00f1a, quien ingres\u00f3 a un Penal estatal.<\/p>\n","protected":false},"excerpt":{"rendered":"<p>Feminicida recibe 26 a\u00f1os de prisi\u00f3n; mat\u00f3 a su esposa, maestra de danza. *El crimen ocurri\u00f3 en diciembre de 2019 en las instalaciones de la Universidad Aut\u00f3noma del Estado de &hellip; <a href=\"https:\/\/unoticias.com.mx\/index.php\/2020\/08\/18\/feminicida-recibe-26-anos-de-prision-mato-a-su-esposa-maestra-de-danza\/\" class=\"more-link\">Leer m\u00e1s<\/a><\/p>\n","protected":false},"author":1,"featured_media":3864,"comment_status":"open","ping_status":"open","sticky":false,"template":"","format":"standard","meta":{"spay_email":"","footnotes":"","jetpack_publicize_message":"","jetpack_is_tweetstorm":false,"jetpack_publicize_feature_enabled":true},"categories":[6],"tags":[],"class_list":["post-3863","post","type-post","status-publish","format-standard","has-post-thumbnail","hentry","category-asia","entry"],"jetpack_featured_media_url":"https:\/\/unoticias.com.mx\/wp-content\/uploads\/2020\/08\/IMG_20200817_213402_195.jpg","jetpack_publicize_connections":[],"jetpack_sharing_enabled":true,"jetpack_likes_enabled":true,"_links":{"self":[{"href":"https:\/\/unoticias.com.mx\/index.php\/wp-json\/wp\/v2\/posts\/3863","targetHints":{"allow":["GET"]}}],"collection":[{"href":"https:\/\/unoticias.com.mx\/index.php\/wp-json\/wp\/v2\/posts"}],"about":[{"href":"https:\/\/unoticias.com.mx\/index.php\/wp-json\/wp\/v2\/types\/post"}],"author":[{"embeddable":true,"href":"https:\/\/unoticias.com.mx\/index.php\/wp-json\/wp\/v2\/users\/1"}],"replies":[{"embeddable":true,"href":"https:\/\/unoticias.com.mx\/index.php\/wp-json\/wp\/v2\/comments?post=3863"}],"version-history":[{"count":1,"href":"https:\/\/unoticias.com.mx\/index.php\/wp-json\/wp\/v2\/posts\/3863\/revisions"}],"predecessor-version":[{"id":3865,"href":"https:\/\/unoticias.com.mx\/index.php\/wp-json\/wp\/v2\/posts\/3863\/revisions\/3865"}],"wp:featuredmedia":[{"embeddable":true,"href":"https:\/\/unoticias.com.mx\/index.php\/wp-json\/wp\/v2\/media\/3864"}],"wp:attachment":[{"href":"https:\/\/unoticias.com.mx\/index.php\/wp-json\/wp\/v2\/media?parent=3863"}],"wp:term":[{"taxonomy":"category","embeddable":true,"href":"https:\/\/unoticias.com.mx\/index.php\/wp-json\/wp\/v2\/categories?post=3863"},{"taxonomy":"post_tag","embeddable":true,"href":"https:\/\/unoticias.com.mx\/index.php\/wp-json\/wp\/v2\/tags?post=3863"}],"curies":[{"name":"wp","href":"https:\/\/api.w.org\/{rel}","templated":true}]}}