{"id":3881,"date":"2020-08-18T16:15:58","date_gmt":"2020-08-18T16:15:58","guid":{"rendered":"https:\/\/unoticias.com.mx\/?p=3881"},"modified":"2020-08-18T16:15:58","modified_gmt":"2020-08-18T16:15:58","slug":"alcalde-de-quecholoc-jose-alejandro-martinez-fuentes-dio-banderazo-de-obra","status":"publish","type":"post","link":"https:\/\/unoticias.com.mx\/index.php\/2020\/08\/18\/alcalde-de-quecholoc-jose-alejandro-martinez-fuentes-dio-banderazo-de-obra\/","title":{"rendered":"Alcalde de Quecholoc, Jos\u00e9 Alejandro Mart\u00ednez Fuentes, di\u00f3 banderazo de obra."},"content":{"rendered":"\n<p>Alcalde de Quecholoc, Jos\u00e9 Alejandro Mart\u00ednez Fuentes, di\u00f3 banderazo de obra.<\/p>\n\n\n\n<p>Esta edificaci\u00f3n tendr\u00e1 un monto de inversi\u00f3n de $2,292,493.84 pesos en la rehabilitaci\u00f3n del camino a Santa Cruz, camino a San Isidro y camino a San Miguel.<br>Durante el evento el comisario Ejidal Mois\u00e9s Tobias estuvo presente para acompa\u00f1ar a las Autoridades Municipales en este arranque de obra.<br>El Alcalde de #Quecholac #AlejandroMart\u00ednezFuentes, mencion\u00f3 que es muy importante invertir al campo y ayudar ese gran sector, para beneficiar a todos los agricultores.<br>Tambi\u00e9n recalc\u00f3 que es de suma importancia acatar los protocolos de salud para evitar contagios ante esta pandemia que se est\u00e1 viviendo.<br>En Una Nueva Forma de Gobernar, trabajamos por tu Bienestar.<\/p>\n\n\n\n<h1 class=\"wp-block-heading\">PresidenteAlejandroMartinezFuentes<\/h1>\n\n\n\n<h1 class=\"wp-block-heading\">AyuntamientodeQuecholac<\/h1>\n\n\n\n<h1 class=\"wp-block-heading\">Quecholac<\/h1>\n\n\n\n<h1 class=\"wp-block-heading\">lacasadetodos<\/h1>\n\n\n\n<h1 class=\"wp-block-heading\">ObraPublica<\/h1>\n","protected":false},"excerpt":{"rendered":"<p>Alcalde de Quecholoc, Jos\u00e9 Alejandro Mart\u00ednez Fuentes, di\u00f3 banderazo de obra. Esta edificaci\u00f3n tendr\u00e1 un monto de inversi\u00f3n de $2,292,493.84 pesos en la rehabilitaci\u00f3n del camino a Santa Cruz, camino &hellip; <a href=\"https:\/\/unoticias.com.mx\/index.php\/2020\/08\/18\/alcalde-de-quecholoc-jose-alejandro-martinez-fuentes-dio-banderazo-de-obra\/\" class=\"more-link\">Leer m\u00e1s<\/a><\/p>\n","protected":false},"author":1,"featured_media":3882,"comment_status":"open","ping_status":"open","sticky":false,"template":"","format":"standard","meta":{"spay_email":"","footnotes":"","jetpack_publicize_message":"","jetpack_is_tweetstorm":false,"jetpack_publicize_feature_enabled":true},"categories":[15],"tags":[],"class_list":["post-3881","post","type-post","status-publish","format-standard","has-post-thumbnail","hentry","category-local-news","entry"],"jetpack_featured_media_url":"https:\/\/unoticias.com.mx\/wp-content\/uploads\/2020\/08\/IMG_20200818_110834_852.jpg","jetpack_publicize_connections":[],"jetpack_sharing_enabled":true,"jetpack_likes_enabled":true,"_links":{"self":[{"href":"https:\/\/unoticias.com.mx\/index.php\/wp-json\/wp\/v2\/posts\/3881","targetHints":{"allow":["GET"]}}],"collection":[{"href":"https:\/\/unoticias.com.mx\/index.php\/wp-json\/wp\/v2\/posts"}],"about":[{"href":"https:\/\/unoticias.com.mx\/index.php\/wp-json\/wp\/v2\/types\/post"}],"author":[{"embeddable":true,"href":"https:\/\/unoticias.com.mx\/index.php\/wp-json\/wp\/v2\/users\/1"}],"replies":[{"embeddable":true,"href":"https:\/\/unoticias.com.mx\/index.php\/wp-json\/wp\/v2\/comments?post=3881"}],"version-history":[{"count":1,"href":"https:\/\/unoticias.com.mx\/index.php\/wp-json\/wp\/v2\/posts\/3881\/revisions"}],"predecessor-version":[{"id":3883,"href":"https:\/\/unoticias.com.mx\/index.php\/wp-json\/wp\/v2\/posts\/3881\/revisions\/3883"}],"wp:featuredmedia":[{"embeddable":true,"href":"https:\/\/unoticias.com.mx\/index.php\/wp-json\/wp\/v2\/media\/3882"}],"wp:attachment":[{"href":"https:\/\/unoticias.com.mx\/index.php\/wp-json\/wp\/v2\/media?parent=3881"}],"wp:term":[{"taxonomy":"category","embeddable":true,"href":"https:\/\/unoticias.com.mx\/index.php\/wp-json\/wp\/v2\/categories?post=3881"},{"taxonomy":"post_tag","embeddable":true,"href":"https:\/\/unoticias.com.mx\/index.php\/wp-json\/wp\/v2\/tags?post=3881"}],"curies":[{"name":"wp","href":"https:\/\/api.w.org\/{rel}","templated":true}]}}