{"id":3980,"date":"2020-08-22T01:11:25","date_gmt":"2020-08-22T01:11:25","guid":{"rendered":"https:\/\/unoticias.com.mx\/?p=3980"},"modified":"2020-08-22T01:11:25","modified_gmt":"2020-08-22T01:11:25","slug":"el-gobernador-miguel-barbosa-le-colmo-la-paciencia-al-presidente-lopez-obrador","status":"publish","type":"post","link":"https:\/\/unoticias.com.mx\/index.php\/2020\/08\/22\/el-gobernador-miguel-barbosa-le-colmo-la-paciencia-al-presidente-lopez-obrador\/","title":{"rendered":"El gobernador Miguel Barbosa, le colm\u00f3 la paciencia al presidente L\u00f3pez Obrador."},"content":{"rendered":"\n<p>El gobernador Miguel Barbosa, le colm\u00f3 la paciencia al presidente L\u00f3pez Obrador.<\/p>\n\n\n\n<p>PUEBLA, PUE. La gota que derram\u00f3 el vaso fue la aparici\u00f3n del nombre del mandatario poblano, en la lista de los presuntos legisladores que fueron sobornados por Emilio Lozoya Austin.<br>El periodista Ciro G\u00f3mez Leyva, difundi\u00f3 nombres de algunos diputados federales que fueron beneficiados econ\u00f3micamente, con la condici\u00f3n de aprobar la Reforma Energ\u00e9tica del entonces presidente Enrique Pe\u00f1a Nieto.<br>Seg\u00fan la declaraci\u00f3n de Lozoya, Barbosa estuvo en la lista de sobornados.<br>Para L\u00f3pez Obrador es inadmisible, por lo cual ya est\u00e1 revisando con los legisladores locales de Puebla, una salida decorosa para el gobernador Miguel Barbosa. Es importante se\u00f1alar que Barbosa, ya no ten\u00eda la simpat\u00eda de #AMLO, y eso se pudo ver en los \u00faltimos actos.<br>No fue la diabetes ni el que est\u00e9 ciego, lo que tumb\u00f3 a Barbosa.<\/p>\n\n\n\n<p>Fue su incansable corrupci\u00f3n.<\/p>\n\n\n\n<p>Ojal\u00e1 Barbosa se vaya con la cola entre las patas.<\/p>\n","protected":false},"excerpt":{"rendered":"<p>El gobernador Miguel Barbosa, le colm\u00f3 la paciencia al presidente L\u00f3pez Obrador. PUEBLA, PUE. La gota que derram\u00f3 el vaso fue la aparici\u00f3n del nombre del mandatario poblano, en la &hellip; <a href=\"https:\/\/unoticias.com.mx\/index.php\/2020\/08\/22\/el-gobernador-miguel-barbosa-le-colmo-la-paciencia-al-presidente-lopez-obrador\/\" class=\"more-link\">Leer m\u00e1s<\/a><\/p>\n","protected":false},"author":1,"featured_media":3981,"comment_status":"open","ping_status":"open","sticky":false,"template":"","format":"standard","meta":{"spay_email":"","footnotes":"","jetpack_publicize_message":"","jetpack_is_tweetstorm":false,"jetpack_publicize_feature_enabled":true},"categories":[15],"tags":[],"class_list":["post-3980","post","type-post","status-publish","format-standard","has-post-thumbnail","hentry","category-local-news","entry"],"jetpack_featured_media_url":"https:\/\/unoticias.com.mx\/wp-content\/uploads\/2020\/08\/IMG_20200821_200831_217.jpg","jetpack_publicize_connections":[],"jetpack_sharing_enabled":true,"jetpack_likes_enabled":true,"_links":{"self":[{"href":"https:\/\/unoticias.com.mx\/index.php\/wp-json\/wp\/v2\/posts\/3980","targetHints":{"allow":["GET"]}}],"collection":[{"href":"https:\/\/unoticias.com.mx\/index.php\/wp-json\/wp\/v2\/posts"}],"about":[{"href":"https:\/\/unoticias.com.mx\/index.php\/wp-json\/wp\/v2\/types\/post"}],"author":[{"embeddable":true,"href":"https:\/\/unoticias.com.mx\/index.php\/wp-json\/wp\/v2\/users\/1"}],"replies":[{"embeddable":true,"href":"https:\/\/unoticias.com.mx\/index.php\/wp-json\/wp\/v2\/comments?post=3980"}],"version-history":[{"count":1,"href":"https:\/\/unoticias.com.mx\/index.php\/wp-json\/wp\/v2\/posts\/3980\/revisions"}],"predecessor-version":[{"id":3982,"href":"https:\/\/unoticias.com.mx\/index.php\/wp-json\/wp\/v2\/posts\/3980\/revisions\/3982"}],"wp:featuredmedia":[{"embeddable":true,"href":"https:\/\/unoticias.com.mx\/index.php\/wp-json\/wp\/v2\/media\/3981"}],"wp:attachment":[{"href":"https:\/\/unoticias.com.mx\/index.php\/wp-json\/wp\/v2\/media?parent=3980"}],"wp:term":[{"taxonomy":"category","embeddable":true,"href":"https:\/\/unoticias.com.mx\/index.php\/wp-json\/wp\/v2\/categories?post=3980"},{"taxonomy":"post_tag","embeddable":true,"href":"https:\/\/unoticias.com.mx\/index.php\/wp-json\/wp\/v2\/tags?post=3980"}],"curies":[{"name":"wp","href":"https:\/\/api.w.org\/{rel}","templated":true}]}}