{"id":3992,"date":"2020-08-22T04:35:05","date_gmt":"2020-08-22T04:35:05","guid":{"rendered":"https:\/\/unoticias.com.mx\/?p=3992"},"modified":"2020-08-22T04:35:05","modified_gmt":"2020-08-22T04:35:05","slug":"1-muerto-y-3-heridos-en-atlixco-durante-un-enfrentamiento-entre-grupos-delincuenciales","status":"publish","type":"post","link":"https:\/\/unoticias.com.mx\/index.php\/2020\/08\/22\/1-muerto-y-3-heridos-en-atlixco-durante-un-enfrentamiento-entre-grupos-delincuenciales\/","title":{"rendered":"1 muerto y 3 heridos en Atlixco, durante un enfrentamiento entre grupos delincuenciales."},"content":{"rendered":"\n<p>1 muerto y 3 heridos en Atlixco, durante un enfrentamiento entre grupos delincuenciales.<\/p>\n\n\n\n<p>por Alfredo Ram\u00edrez<br>ATLIXCO, PUE. 1 Muerto y tres heridos fue el saldo durante un enfrentamiento entre grupos delincuenciales en el antiguo camino a Gamboa, en la colonia Prados el Le\u00f3n, informaron autoridades.<br>Se desconocen las causas del ataque, aunque vecinos refieren que podr\u00eda tratarse de un ajuste de cuentas de grupos dedicados a la venta de drogas.<br>3 hombres resultaron con heridas de arma de fuego y una mujer fue la v\u00edctima mortal del ataque. Hasta el momento, no hay detenidos y la zona se encuentra acordonada por elementos de la polic\u00eda municipal.<br>La ola de violencia que azota a este municipio gobernado por el panista Guillermo Vel\u00e1zquez Guti\u00e9rrez. Pues la madrugada del jueves una mujer transg\u00e9nero muri\u00f3, tras ser embestida durante una persecuci\u00f3n en bulevar Ferrocarriles.<br>El pasado 12 de agosto, delincuentes armados y en motocicleta provocaron p\u00e1nico en las calles c\u00e9ntricas de Atlixco, pues intercambiaron balazos y despu\u00e9s se dieron a la fuga.<br>Trascendi\u00f3 que uno de ellos result\u00f3 herido, pero logr\u00f3 darse a la fuga. En el lugar se encontraron cartuchos percutidos de armas de grueso calibre y un arma corta.<\/p>\n","protected":false},"excerpt":{"rendered":"<p>1 muerto y 3 heridos en Atlixco, durante un enfrentamiento entre grupos delincuenciales. por Alfredo Ram\u00edrezATLIXCO, PUE. 1 Muerto y tres heridos fue el saldo durante un enfrentamiento entre grupos &hellip; <a href=\"https:\/\/unoticias.com.mx\/index.php\/2020\/08\/22\/1-muerto-y-3-heridos-en-atlixco-durante-un-enfrentamiento-entre-grupos-delincuenciales\/\" class=\"more-link\">Leer m\u00e1s<\/a><\/p>\n","protected":false},"author":1,"featured_media":3993,"comment_status":"open","ping_status":"open","sticky":false,"template":"","format":"standard","meta":{"spay_email":"","footnotes":"","jetpack_publicize_message":"","jetpack_is_tweetstorm":false,"jetpack_publicize_feature_enabled":true},"categories":[15],"tags":[],"class_list":["post-3992","post","type-post","status-publish","format-standard","has-post-thumbnail","hentry","category-local-news","entry"],"jetpack_featured_media_url":"https:\/\/unoticias.com.mx\/wp-content\/uploads\/2020\/08\/IMG_20200821_233350_429.jpg","jetpack_publicize_connections":[],"jetpack_sharing_enabled":true,"jetpack_likes_enabled":true,"_links":{"self":[{"href":"https:\/\/unoticias.com.mx\/index.php\/wp-json\/wp\/v2\/posts\/3992","targetHints":{"allow":["GET"]}}],"collection":[{"href":"https:\/\/unoticias.com.mx\/index.php\/wp-json\/wp\/v2\/posts"}],"about":[{"href":"https:\/\/unoticias.com.mx\/index.php\/wp-json\/wp\/v2\/types\/post"}],"author":[{"embeddable":true,"href":"https:\/\/unoticias.com.mx\/index.php\/wp-json\/wp\/v2\/users\/1"}],"replies":[{"embeddable":true,"href":"https:\/\/unoticias.com.mx\/index.php\/wp-json\/wp\/v2\/comments?post=3992"}],"version-history":[{"count":1,"href":"https:\/\/unoticias.com.mx\/index.php\/wp-json\/wp\/v2\/posts\/3992\/revisions"}],"predecessor-version":[{"id":3994,"href":"https:\/\/unoticias.com.mx\/index.php\/wp-json\/wp\/v2\/posts\/3992\/revisions\/3994"}],"wp:featuredmedia":[{"embeddable":true,"href":"https:\/\/unoticias.com.mx\/index.php\/wp-json\/wp\/v2\/media\/3993"}],"wp:attachment":[{"href":"https:\/\/unoticias.com.mx\/index.php\/wp-json\/wp\/v2\/media?parent=3992"}],"wp:term":[{"taxonomy":"category","embeddable":true,"href":"https:\/\/unoticias.com.mx\/index.php\/wp-json\/wp\/v2\/categories?post=3992"},{"taxonomy":"post_tag","embeddable":true,"href":"https:\/\/unoticias.com.mx\/index.php\/wp-json\/wp\/v2\/tags?post=3992"}],"curies":[{"name":"wp","href":"https:\/\/api.w.org\/{rel}","templated":true}]}}