{"id":4003,"date":"2020-08-22T14:39:29","date_gmt":"2020-08-22T14:39:29","guid":{"rendered":"https:\/\/unoticias.com.mx\/?p=4003"},"modified":"2020-08-22T14:39:29","modified_gmt":"2020-08-22T14:39:29","slug":"dios-bendiga-a-maria-ramirez-y-a-la-gente-que-le-ayudo-a-su-gran-obra","status":"publish","type":"post","link":"https:\/\/unoticias.com.mx\/index.php\/2020\/08\/22\/dios-bendiga-a-maria-ramirez-y-a-la-gente-que-le-ayudo-a-su-gran-obra\/","title":{"rendered":"Dios bendiga a Mar\u00eda Ramirez y a la gente que le ayudo a su gran obra."},"content":{"rendered":"\n<p>Dios bendiga a Mar\u00eda Ramirez y a la gente que le ayudo a su gran obra.<\/p>\n\n\n\n<p>TAXCO, GRO. La consecuencia econ\u00f3mica por la pandemia en nuestro pa\u00eds fue la perdida de 12.5 millones de empleos en el mes de abril seg\u00fan el Instituto Nacional de Informaci\u00f3n y Geograf\u00eda (Inegi), a mi criterio esto no es solo un n\u00famero m\u00e1s; es una cifra trascendental visible en nuestra vida cotidiana.<\/p>\n\n\n\n<pre class=\"wp-block-code\"><code>        Esta cifra la notamos en nuestro caminar a la tienda de abarrotes, al ver a un padre con su hija pidi\u00e9ndote dinero para un taco o a un adulto mayor cargando un saco lleno de verduras en las calles de la ciudad.<\/code><\/pre>\n\n\n\n<p>Ante la p\u00e9rdida de empleos, empresas han puesto su grano de arena en apoyo a el sector afectado; pero no solamente el sector empresarial se ha hecho presente, la ciudadan\u00eda saco su lado bondadoso y ayudo a todos los que necesitan ayuda.<\/p>\n\n\n\n<pre class=\"wp-block-code\"><code>        En esta ocasi\u00f3n te contare la historia de una mujer oriunda de #TaxcodeAlarc\u00f3n, #Guerrero; de #Mar\u00edaRom\u00e1nRam\u00edrez.<\/code><\/pre>\n\n\n\n<p>La historia de Mar\u00eda Ramirez comienza el 22 de marzo en su local, cuando un hombre se le acerco pidi\u00e9ndole alimento a lo que ella positivamente accedi\u00f3 a la petici\u00f3n del hombre. Esta acci\u00f3n causo un impacto en ella, dando origen a la iniciativa en redes del primer comedor comunitario en Taxco.<\/p>\n\n\n\n<p>Comedor Estable<\/p>\n\n\n\n<p>El 23 de marzo del presente a\u00f1o comenz\u00f3 el proyecto de Mar\u00eda Ramirez, despu\u00e9s de la ayuda de varia gente que organizo en un grupo de compra venta local de la red social Facebook para la compra de los insumos.<\/p>\n\n\n\n<pre class=\"wp-block-code\"><code>        Este comedor llevar\u00eda por nombre \u201cTaxco de mis Amores\u201d. Mar\u00eda cocinar\u00eda el primer d\u00eda para 50 personas, pero un grupo mayor de personas acudi\u00f3 al apoyo que ella estaba dando, cocinando alrededor de 600 platillos al d\u00eda.\n\n        En los tiempos mas duros de pandemia existieron 6 comedores comunitarios a lo largo y ancho del municipio.<\/code><\/pre>\n\n\n\n<p>El apoyo pol\u00edtico no se hizo esperar, pues de todos los sectores recibi\u00f3 apoyo por lo menos una vez, y no regresaron nunca m\u00e1s.<\/p>\n\n\n\n<p>Esta iniciativa lleva ya 5 meses en marcha, con menos comedores, para ser exactos con 2.<\/p>\n\n\n\n<p>A lo largo de estos meses se han servido aproximadamente 48,800 platillos, en los que trabajaron alrededor de 22 personas.<\/p>\n\n\n\n<p>Comedor M\u00f3vil en tu Barrio<\/p>\n\n\n\n<p>Semanas despu\u00e9s del inicio de este proyecto Mar\u00eda se percato que algunas personas no tenia efectivo para acudir a los comedores estables, lo que gener\u00f3 una innovaci\u00f3n en este, la creaci\u00f3n de comedores que viajaran a los barrios populares de la ciudad.<\/p>\n\n\n\n<pre class=\"wp-block-code\"><code>        Teniendo en su mayor esplendor 2 comedores m\u00f3viles. Actualmente solo existe un comedor m\u00f3vil que opera.<\/code><\/pre>\n\n\n\n<p>Programa Padrino<\/p>\n\n\n\n<p>La cocina no fue la \u00fanica obra buena de Mar\u00eda Ramirez, sino tambi\u00e9n la creaci\u00f3n del Programa Padrino, que tiene como fin la creaci\u00f3n de una lista de personas que recibir\u00edan una despensa que seria pagada por personas que serian los \u201cpadrinos\u201d en la compra de productos de la canasta b\u00e1sica.<\/p>\n\n\n\n<pre class=\"wp-block-code\"><code>        En su mayor\u00eda estos padrinos serian personas que trabajan en el extranjero que dar\u00edan un donativo de 20 d\u00f3lares y si el padrino viviese en el territorio nacional dar\u00eda el monto de 400 pesos.<\/code><\/pre>\n\n\n\n<p>En este programa en especifico exhorto a mis lectores a la ayuda a este con un donativo, pues existen personas que est\u00e1n en lista de espera. Para hacer donativos y mayor informaci\u00f3n comunicarse v\u00eda Facebook a Mar\u00eda Ram\u00edrez.<\/p>\n\n\n\n<p>La buena obra de Mar\u00eda fue replicada en varios municipios y pueblos, en estos comedores trabajaron alrededor de 95 personas.<\/p>\n\n\n\n<p>Dios bendiga a Mar\u00eda Ramirez y a la gente que le ayudo a su gran obra.<\/p>\n","protected":false},"excerpt":{"rendered":"<p>Dios bendiga a Mar\u00eda Ramirez y a la gente que le ayudo a su gran obra. TAXCO, GRO. La consecuencia econ\u00f3mica por la pandemia en nuestro pa\u00eds fue la perdida &hellip; <a href=\"https:\/\/unoticias.com.mx\/index.php\/2020\/08\/22\/dios-bendiga-a-maria-ramirez-y-a-la-gente-que-le-ayudo-a-su-gran-obra\/\" class=\"more-link\">Leer m\u00e1s<\/a><\/p>\n","protected":false},"author":1,"featured_media":4004,"comment_status":"open","ping_status":"open","sticky":false,"template":"","format":"standard","meta":{"spay_email":"","footnotes":"","jetpack_publicize_message":"","jetpack_is_tweetstorm":false,"jetpack_publicize_feature_enabled":true},"categories":[15],"tags":[],"class_list":["post-4003","post","type-post","status-publish","format-standard","has-post-thumbnail","hentry","category-local-news","entry"],"jetpack_featured_media_url":"https:\/\/unoticias.com.mx\/wp-content\/uploads\/2020\/08\/LogoLicious_20200822_093558.jpg","jetpack_publicize_connections":[],"jetpack_sharing_enabled":true,"jetpack_likes_enabled":true,"_links":{"self":[{"href":"https:\/\/unoticias.com.mx\/index.php\/wp-json\/wp\/v2\/posts\/4003","targetHints":{"allow":["GET"]}}],"collection":[{"href":"https:\/\/unoticias.com.mx\/index.php\/wp-json\/wp\/v2\/posts"}],"about":[{"href":"https:\/\/unoticias.com.mx\/index.php\/wp-json\/wp\/v2\/types\/post"}],"author":[{"embeddable":true,"href":"https:\/\/unoticias.com.mx\/index.php\/wp-json\/wp\/v2\/users\/1"}],"replies":[{"embeddable":true,"href":"https:\/\/unoticias.com.mx\/index.php\/wp-json\/wp\/v2\/comments?post=4003"}],"version-history":[{"count":1,"href":"https:\/\/unoticias.com.mx\/index.php\/wp-json\/wp\/v2\/posts\/4003\/revisions"}],"predecessor-version":[{"id":4005,"href":"https:\/\/unoticias.com.mx\/index.php\/wp-json\/wp\/v2\/posts\/4003\/revisions\/4005"}],"wp:featuredmedia":[{"embeddable":true,"href":"https:\/\/unoticias.com.mx\/index.php\/wp-json\/wp\/v2\/media\/4004"}],"wp:attachment":[{"href":"https:\/\/unoticias.com.mx\/index.php\/wp-json\/wp\/v2\/media?parent=4003"}],"wp:term":[{"taxonomy":"category","embeddable":true,"href":"https:\/\/unoticias.com.mx\/index.php\/wp-json\/wp\/v2\/categories?post=4003"},{"taxonomy":"post_tag","embeddable":true,"href":"https:\/\/unoticias.com.mx\/index.php\/wp-json\/wp\/v2\/tags?post=4003"}],"curies":[{"name":"wp","href":"https:\/\/api.w.org\/{rel}","templated":true}]}}