{"id":4044,"date":"2020-08-23T14:59:49","date_gmt":"2020-08-23T14:59:49","guid":{"rendered":"https:\/\/unoticias.com.mx\/?p=4044"},"modified":"2020-08-23T14:59:49","modified_gmt":"2020-08-23T14:59:49","slug":"murio-bebe-indigena-de-covid-19-en-la-montana","status":"publish","type":"post","link":"https:\/\/unoticias.com.mx\/index.php\/2020\/08\/23\/murio-bebe-indigena-de-covid-19-en-la-montana\/","title":{"rendered":"MURI\u00d3 BEB\u00c9 IND\u00cdGENA DE COVID-19 EN LA MONTA\u00d1A"},"content":{"rendered":"\n<p>MURI\u00d3 BEB\u00c9 IND\u00cdGENA DE COVID-19 EN LA MONTA\u00d1A.<\/p>\n\n\n\n<p>Gerardo tiene 21 a\u00f1os, es Na savi (gente de la lluvia), de la colonia de Rancho de los Hilarios, anexo de Calpanapa, municipio de Cochoapa el Grande, enclavada en la regi\u00f3n de la Monta\u00f1a del Estado de Guerrero. Estudi\u00f3 hasta el 4to. a\u00f1o de primaria y \u00e9l, como la mayor\u00eda de las y los habitantes de su comunidad, no tienen otra opci\u00f3n m\u00e1s que migrar a los campos agr\u00edcolas del norte del pa\u00eds.<br>A la edad de 10 a\u00f1os empez\u00f3 a ir con su pap\u00e1 a los campos, como a los 16 a\u00f1os inici\u00f3 su trabajo. \u201cDe ni\u00f1o no hay nada que hacer, nada m\u00e1s jugar con los otros ni\u00f1os. En los campos empezamos a sembrar chiles y cuando est\u00e1n buenos los cortamos. Aqu\u00ed en la comunidad se siembra ma\u00edz, calabaza, frijol, no hay otra cosa que funcione porque es cerro, aqu\u00ed pura milpa\u201d.<br>Victoria es la esposa de Gerardo. Tiene 16 a\u00f1os, es de la comunidad de Calpanapa y solo habla Tu\u00fa Savi. Se junt\u00f3 cuando ten\u00eda 15 a\u00f1os. Se le ve un silencio profundo en el rostro.<br>\u201cCuando naci\u00f3 pens\u00e9 que iba a crecer, que iba a salir bien todo, pero a los tres o cuatro d\u00edas empez\u00f3 a estar mal y comenc\u00e9 a preocuparme. Naci\u00f3 el 8 de mayo de este a\u00f1o, en Rancho de los Hilarios, ah\u00ed estuvimos como un mes y luego nos fuimos a trabajar\u201d, cuenta Gerardo.<br>\u201cLa ni\u00f1a cuando naci\u00f3 no pod\u00eda respirar ni alimentarse bien, estuvo, as\u00ed como un mes y d\u00edas. Llegamos all\u00e1 a inicios de junio y al primer hospital que la llevamos, ya lleg\u00f3 mal, no pod\u00eda respirar y la intubaron, despu\u00e9s la mandaron al Centenario Hospital Miguel Hidalgo en Aguascalientes, ah\u00ed estuvo como dos meses y me dijeron que su coraz\u00f3n ya no aguantaba&#8221;.<br>\u201cYo pens\u00e9 que ten\u00eda mucha flema o algo as\u00ed, pero no, era otra cosa. A lo mejor as\u00ed naci\u00f3. Lo primero que me dijeron en el hospital es que era Covid-19, pero luego dijeron que no y que su garganta era peque\u00f1a y que al respirar se tapaba; no pod\u00eda comer leche y la operaron para meter una sonda, eso fue un viernes. El mi\u00e9rcoles falleci\u00f3. De ah\u00ed venimos para ac\u00e1\u201d.<br>Acompa\u00f1ados por sus padres y en medio de la lluvia, tuvieron que dar sepultura a su hija como a media noche porque no hubo rezos, ni el sacerdote ni el rezandero quisieron acudir porque la ni\u00f1a no fue bautizada.<br>Gerardo y Victoria s\u00f3lo regresaron a La Monta\u00f1a para enterrar a su peque\u00f1a hija, la trasladaron en una carroza desde Aguascalientes, les cobr\u00f3 23 mil pesos, de los cuales deben m\u00e1s de la mitad, por ello regresar\u00e1n en unos d\u00edas a esos mismos campos para volver a trabajar y pagar su deuda.<br>\u201cPodemos tardar un poco para regresar porque tengo que hacer unas cartas, as\u00ed me dijo la funeraria, que tengo que ir y llevar un papel, pero no s\u00e9 qu\u00e9, no me acuerdo para qu\u00e9 me dijo que era ese papel, pero tenemos que entregarlo para que salga bien, para que me den un acta de nacimiento, algo as\u00ed. Me siento mal, no puedo ni pensar en nada. No estaba registrada, pero se llama Alexa Fernanda\u201d.<br>\u201cTan solo del mes de abril a julio se tiene el registro de 4 mil 800 personas que migraron, un 150% m\u00e1s que el a\u00f1o pasado. En las comunidades los precios de los productos han subido, no hay empleo y prefieren arriesgarse e irse a trabajar que morir de hambre en su comunidad\u201d, dice el director de Tlachinollan, Abel Barrera Hernandez. V\u00eda: Tlachinollan<\/p>\n","protected":false},"excerpt":{"rendered":"<p>MURI\u00d3 BEB\u00c9 IND\u00cdGENA DE COVID-19 EN LA MONTA\u00d1A. Gerardo tiene 21 a\u00f1os, es Na savi (gente de la lluvia), de la colonia de Rancho de los Hilarios, anexo de Calpanapa, &hellip; <a href=\"https:\/\/unoticias.com.mx\/index.php\/2020\/08\/23\/murio-bebe-indigena-de-covid-19-en-la-montana\/\" class=\"more-link\">Leer m\u00e1s<\/a><\/p>\n","protected":false},"author":1,"featured_media":4045,"comment_status":"open","ping_status":"open","sticky":false,"template":"","format":"standard","meta":{"spay_email":"","footnotes":"","jetpack_publicize_message":"","jetpack_is_tweetstorm":false,"jetpack_publicize_feature_enabled":true},"categories":[25],"tags":[],"class_list":["post-4044","post","type-post","status-publish","format-standard","has-post-thumbnail","hentry","category-x-games","entry"],"jetpack_featured_media_url":"https:\/\/unoticias.com.mx\/wp-content\/uploads\/2020\/08\/FB_IMG_1598194551405.jpg","jetpack_publicize_connections":[],"jetpack_sharing_enabled":true,"jetpack_likes_enabled":true,"_links":{"self":[{"href":"https:\/\/unoticias.com.mx\/index.php\/wp-json\/wp\/v2\/posts\/4044","targetHints":{"allow":["GET"]}}],"collection":[{"href":"https:\/\/unoticias.com.mx\/index.php\/wp-json\/wp\/v2\/posts"}],"about":[{"href":"https:\/\/unoticias.com.mx\/index.php\/wp-json\/wp\/v2\/types\/post"}],"author":[{"embeddable":true,"href":"https:\/\/unoticias.com.mx\/index.php\/wp-json\/wp\/v2\/users\/1"}],"replies":[{"embeddable":true,"href":"https:\/\/unoticias.com.mx\/index.php\/wp-json\/wp\/v2\/comments?post=4044"}],"version-history":[{"count":1,"href":"https:\/\/unoticias.com.mx\/index.php\/wp-json\/wp\/v2\/posts\/4044\/revisions"}],"predecessor-version":[{"id":4046,"href":"https:\/\/unoticias.com.mx\/index.php\/wp-json\/wp\/v2\/posts\/4044\/revisions\/4046"}],"wp:featuredmedia":[{"embeddable":true,"href":"https:\/\/unoticias.com.mx\/index.php\/wp-json\/wp\/v2\/media\/4045"}],"wp:attachment":[{"href":"https:\/\/unoticias.com.mx\/index.php\/wp-json\/wp\/v2\/media?parent=4044"}],"wp:term":[{"taxonomy":"category","embeddable":true,"href":"https:\/\/unoticias.com.mx\/index.php\/wp-json\/wp\/v2\/categories?post=4044"},{"taxonomy":"post_tag","embeddable":true,"href":"https:\/\/unoticias.com.mx\/index.php\/wp-json\/wp\/v2\/tags?post=4044"}],"curies":[{"name":"wp","href":"https:\/\/api.w.org\/{rel}","templated":true}]}}