{"id":4092,"date":"2020-08-25T16:07:50","date_gmt":"2020-08-25T16:07:50","guid":{"rendered":"https:\/\/unoticias.com.mx\/?p=4092"},"modified":"2020-08-25T16:07:50","modified_gmt":"2020-08-25T16:07:50","slug":"hombres-armados-atacan-a-balazos-albergue-en-iguala","status":"publish","type":"post","link":"https:\/\/unoticias.com.mx\/index.php\/2020\/08\/25\/hombres-armados-atacan-a-balazos-albergue-en-iguala\/","title":{"rendered":"HOMBRES ARMADOS ATACAN A BALAZOS ALBERGUE EN IGUALA."},"content":{"rendered":"\n<p>HOMBRES ARMADOS ATACAN A BALAZOS ALBERGUE EN IGUALA.<\/p>\n\n\n\n<ul class=\"wp-block-list\"><li>Matan al guardia y hieren a tres ancianos.<\/li><\/ul>\n\n\n\n<p>Iguala, Gro., agosto 24 del 2020.- Un grupo de hombres a bordo de dos veh\u00edculos atacaron el albergue de ancianos en Iguala, mataron al vigilante e hieren a tres ancianos.<br>De acuerdo a un reporte policial, alrededor de las 8:40 de la noche de este lunes, un grupo de hombres fuertemente armados abord\u00f3 de dos veh\u00edculos, un Nissan march azul y un nissan tsuru blanco, arribaron al ex m\u00f3dulo de seguridad del periferico poniente salida a Teloloapan y actual albergue para ancianos en situaci\u00f3n de calle, y abrieron fuego en diversas ocasiones, d\u00e1ndose a la fuga los homicidas con direcci\u00f3n al Municipio de Cocula.<br>En la agresi\u00f3n perdi\u00f3 la vida de manera inmediata el C. Lorenzo N. De 45 a\u00f1os de edad, encargado y vigilante del albergue, adem\u00e1s resultaron tres ancianos heridos, uno de ellos se retir\u00f3 por sus propios medios y los otros dos esperaron 40 minutos en lo que lleg\u00f3 la ambulancia y los trasladaron a un hospital.<br>Al lugar arrib\u00f3 personal de la fiscal\u00eda regional quienes realizaron las diligencias correspondientes, informando que en el lugar localizaron 7 cascajos percutidos calibre .223 utilizados para fusil AR-15, posteriormente levantaron el cuerpo y fue enviado a la morgue de la ciudad.<\/p>\n","protected":false},"excerpt":{"rendered":"<p>HOMBRES ARMADOS ATACAN A BALAZOS ALBERGUE EN IGUALA. Matan al guardia y hieren a tres ancianos. Iguala, Gro., agosto 24 del 2020.- Un grupo de hombres a bordo de dos &hellip; <a href=\"https:\/\/unoticias.com.mx\/index.php\/2020\/08\/25\/hombres-armados-atacan-a-balazos-albergue-en-iguala\/\" class=\"more-link\">Leer m\u00e1s<\/a><\/p>\n","protected":false},"author":1,"featured_media":4093,"comment_status":"open","ping_status":"open","sticky":false,"template":"","format":"standard","meta":{"spay_email":"","footnotes":"","jetpack_publicize_message":"","jetpack_is_tweetstorm":false,"jetpack_publicize_feature_enabled":true},"categories":[15],"tags":[],"class_list":["post-4092","post","type-post","status-publish","format-standard","has-post-thumbnail","hentry","category-local-news","entry"],"jetpack_featured_media_url":"https:\/\/unoticias.com.mx\/wp-content\/uploads\/2020\/08\/IMG_20200825_110155_671.jpg","jetpack_publicize_connections":[],"jetpack_sharing_enabled":true,"jetpack_likes_enabled":true,"_links":{"self":[{"href":"https:\/\/unoticias.com.mx\/index.php\/wp-json\/wp\/v2\/posts\/4092","targetHints":{"allow":["GET"]}}],"collection":[{"href":"https:\/\/unoticias.com.mx\/index.php\/wp-json\/wp\/v2\/posts"}],"about":[{"href":"https:\/\/unoticias.com.mx\/index.php\/wp-json\/wp\/v2\/types\/post"}],"author":[{"embeddable":true,"href":"https:\/\/unoticias.com.mx\/index.php\/wp-json\/wp\/v2\/users\/1"}],"replies":[{"embeddable":true,"href":"https:\/\/unoticias.com.mx\/index.php\/wp-json\/wp\/v2\/comments?post=4092"}],"version-history":[{"count":1,"href":"https:\/\/unoticias.com.mx\/index.php\/wp-json\/wp\/v2\/posts\/4092\/revisions"}],"predecessor-version":[{"id":4094,"href":"https:\/\/unoticias.com.mx\/index.php\/wp-json\/wp\/v2\/posts\/4092\/revisions\/4094"}],"wp:featuredmedia":[{"embeddable":true,"href":"https:\/\/unoticias.com.mx\/index.php\/wp-json\/wp\/v2\/media\/4093"}],"wp:attachment":[{"href":"https:\/\/unoticias.com.mx\/index.php\/wp-json\/wp\/v2\/media?parent=4092"}],"wp:term":[{"taxonomy":"category","embeddable":true,"href":"https:\/\/unoticias.com.mx\/index.php\/wp-json\/wp\/v2\/categories?post=4092"},{"taxonomy":"post_tag","embeddable":true,"href":"https:\/\/unoticias.com.mx\/index.php\/wp-json\/wp\/v2\/tags?post=4092"}],"curies":[{"name":"wp","href":"https:\/\/api.w.org\/{rel}","templated":true}]}}