{"id":4359,"date":"2020-09-06T15:29:22","date_gmt":"2020-09-06T15:29:22","guid":{"rendered":"https:\/\/unoticias.com.mx\/?p=4359"},"modified":"2020-09-06T15:29:22","modified_gmt":"2020-09-06T15:29:22","slug":"sistemas-meteorologicos-en-el-pais-que-afectan-a-guerrero-este-06-de-septiembre-de-2020","status":"publish","type":"post","link":"https:\/\/unoticias.com.mx\/index.php\/2020\/09\/06\/sistemas-meteorologicos-en-el-pais-que-afectan-a-guerrero-este-06-de-septiembre-de-2020\/","title":{"rendered":"SISTEMAS METEOROL\u00d3GICOS EN EL PA\u00cdS QUE AFECTAN A GUERRERO ESTE 06 DE SEPTIEMBRE DE 2020"},"content":{"rendered":"\n<p>SISTEMAS METEOROL\u00d3GICOS EN EL PA\u00cdS QUE AFECTAN A GUERRERO ESTE 06 DE SEPTIEMBRE DE 2020<\/p>\n\n\n\n<p>Hora de emisi\u00f3n: 08:00 de la ma\u00f1ana del domingo 6 de septiembre de 2020.<\/p>\n\n\n\n<p>Periodo de validez: De las 08:00 a las 20:00 horas del domingo 6 de septiembre de 2020.<\/p>\n\n\n\n<p>SISTEMAS METEOROL\u00d3GICOS QUE AFECTAN AL ESTADO<br>\u2022La Zona Intertropical de Convergencia (ZIC), zona donde confluyen los vientos alisios de los hemisferios norte y sur, se localiza ligeramente al sur de las costas de los Estados del Pac\u00edfico Sur Mexicano, favorece la entrada de aire mar\u00edtimo tropical procedente del Pac\u00edfico.<br>\u2022La muy amplia e intensa circulaci\u00f3n anticicl\u00f3nica del Atl\u00e1ntico impulsa aire mar\u00edtimo tropical procedente del Mar Caribe y Golfo de M\u00e9xico hacia el interior de la porci\u00f3n oriental del territorio nacional.<br>\u2022El eje de la onda tropical n\u00famero 34, clasificada como moderada, se extiende sobre la porci\u00f3n media del Estado de Tabasco, pasando por la porci\u00f3n oriental del Estado de Chiapas y al sur de sus costas, se prev\u00e9 que en las pr\u00f3ximas 24 horas refuerce la entrada de aire mar\u00edtimo tropical procedente del Pac\u00edfico.<br>\u2022Una circulaci\u00f3n cicl\u00f3nica localizada en el nivel medio y reflejada hasta el nivel superior con centro sobre la porci\u00f3n media de la Isla de Cuba en interacci\u00f3n con una circulaci\u00f3n anticicl\u00f3nica localizada en el mismo nivel con centro sobre el extremo noroeste del Golfo de M\u00e9xico y otra circulaci\u00f3n sobre la Rep\u00fablica de Hait\u00ed, impulsan en forma ligera aire mar\u00edtimo tropical procedente del Mar Caribe y el mencionado golfo hacia el interior del pa\u00eds.<br>\u2022Una intensa circulaci\u00f3n anticicl\u00f3nica localizada en el nivel superior con centro sobre el Estado de Tamaulipas y en interacci\u00f3n con la circulaci\u00f3n cicl\u00f3nica mencionada anteriormente, favorecen el aporte de aire fr\u00edo con poco contenido de humedad hacia las porciones sureste, oriental, centro, sur y occidente de la Rep\u00fablica Mexicana.<br>\u2022Como informaci\u00f3n general: La tormenta tropical \u201cJULIO\u201d, se localiza este inicio de ma\u00f1ana aproximadamente a 285 km al oeste-suroeste de Manzanillo, Col., presenta movimiento hacia el oeste-noroeste (paralelo al litoral) a raz\u00f3n de 30 km\/h, SIN AFECTAR A LA ENTIDAD GUERRERENSE.<br>PRON\u00d3STICO PARA EL ESTADO DE GUERRERO<br>Regi\u00f3n Acapulco: Se registrar\u00e1 cielo medio nublado por nubes bajas y medias, as\u00ed como medio nublado con nublados dispersos por nubes altas durante la ma\u00f1ana y hasta los inicios de la tarde e increment\u00e1ndose gradualmente a cielo nublado por los tres tipos de nubosidad despu\u00e9s de este periodo sobre su porci\u00f3n norte, con probabilidad de ocurrencia de precipitaciones aisladas y tormentas locales dispersas, condici\u00f3n y potencial que se extender\u00e1 hacia su franja costera despu\u00e9s al final del d\u00eda. Vientos del este, variando al sureste de 10 a 15 km\/h en la ma\u00f1ana y de 15 a 20 km\/h por la tarde. Temperaturas m\u00e1ximas de 31 a 33 \u00b0C.<br>Regi\u00f3n Centro: Se registrar\u00e1 cielo medio nublado por nubes bajas y medias, as\u00ed como medio nublado con nublados dispersos por nubes altas durante la ma\u00f1ana y hasta los inicios de la tarde e increment\u00e1ndose gradualmente a cielo nublado por los tres tipos de nubosidad despu\u00e9s de este periodo sobre sus porciones sur y oriental, principalmente, con probabilidad de ocurrencia de precipitaciones aisladas y tormentas locales dispersas. Vientos d\u00e9biles durante la ma\u00f1ana y del sur, variando al sureste de 10 a 15 km\/h por la tarde y con picos m\u00e1ximos de hasta 25 km\/h en partes altas y zonas de ca\u00f1ada. Temperaturas m\u00e1ximas de 28 a 30 \u00b0C en las zonas de valle, principalmente de la porci\u00f3n norte y de 26 a 28 \u00b0C en las partes m\u00e1s elevadas de su porci\u00f3n occidental.<br>Regi\u00f3n Costa Chica: Se registrar\u00e1 cielo medio nublado por nubes bajas y medias, as\u00ed como nublado con medios nublados dispersos por nubes altas durante la ma\u00f1ana y hasta los inicios de la tarde e increment\u00e1ndose gradualmente a cielo nublado por los tres tipos de nubosidad despu\u00e9s de este periodo sobre su porci\u00f3n norte, con probabilidad de ocurrencia de precipitaciones aisladas y tormentas locales dispersas, condici\u00f3n y potencial que se extender\u00e1 hacia su franja costera al final del d\u00eda. Vientos del este, variando al sureste de 10 a 15 km\/h en la ma\u00f1ana y de 15 a 20 km\/h por la tarde. Temperaturas m\u00e1ximas de 31 a 33 \u00b0C.<br>Regi\u00f3n Costa Grande: Se registrar\u00e1 cielo medio nublado por nubes bajas, medias y altas durante la ma\u00f1ana y hasta los inicios de la tarde e increment\u00e1ndose gradualmente a cielo nublado por los tres tipos de nubosidad despu\u00e9s de este periodo sobre su porci\u00f3n norte, con probabilidad de ocurrencia de precipitaciones aisladas y tormentas locales dispersas, condici\u00f3n y potencial que se extender\u00e1 hacia su franja costera despu\u00e9s de mediados de la misma. Vientos del este, variando al sureste de 10 a 15 km\/h en la ma\u00f1ana y de 15 a 20 km\/h por la tarde. Temperaturas m\u00e1ximas de 31 a 33 \u00b0C., excepto en el \u00e1rea de Atoyac en donde se registrar\u00e1n de 33 a 35 \u00b0C.<br>Regi\u00f3n Tierra Caliente: Se registrar\u00e1 cielo medio nublado por nubes bajas, medias y altas durante la ma\u00f1ana y hasta los mediados de la tarde e increment\u00e1ndose gradualmente a cielo nublado por los tres tipos de nubosidad despu\u00e9s de este periodo sobre sus extremos norte y sur, con probabilidad de ocurrencia de precipitaciones aisladas y tormentas locales dispersas. Vientos del este, variando al noreste de 5 a 10 km\/h durante el d\u00eda, principalmente sobre las partes m\u00e1s elevadas de sus porciones norte y oriental. Temperaturas m\u00e1ximas de 37 a 39 \u00b0C.<br>Regi\u00f3n Norte: Se registrar\u00e1 cielo medio nublado por nubes bajas, medias y altas durante la ma\u00f1ana y hasta los mediados de la tarde e increment\u00e1ndose gradualmente a cielo nublado por los tres tipos de nubosidad despu\u00e9s de este periodo sobre sus extremos norte y sur, con probabilidad de ocurrencia de precipitaciones aisladas y tormentas locales dispersas. Vientos del este, variando al noreste de 5 a 10 km\/h durante el d\u00eda, principalmente sobre las partes m\u00e1s elevadas de sus porciones norte y oriental. Temperaturas m\u00e1ximas de 32 a 34 \u00b0C en las zonas de valle y de 27 a 29 \u00b0C en las partes m\u00e1s elevadas de su porci\u00f3n norte.<br>Regi\u00f3n Monta\u00f1a: Se registrar\u00e1 cielo medio nublado por nubes bajas y medias, as\u00ed como nublado con medios nublados dispersos por nubes altas durante la ma\u00f1ana y hasta los inicios de la tarde e increment\u00e1ndose gradualmente a cielo nublado por los tres tipos de nubosidad despu\u00e9s de este periodo sobre sus porciones sur y oriental principalmente, con probabilidad de ocurrencia de precipitaciones aisladas y tormentas locales dispersas. Vientos d\u00e9biles variables durante la ma\u00f1ana y del este, variando al sureste de 10 a 15 km\/h por la tarde. Temperaturas m\u00e1ximas de 28 a 30 \u00b0C en las zonas de valle, de 30 a 32 \u00b0C en el \u00e1rea de Olinal\u00e1 y Xochihuehuetl\u00e1n y de 25 a 27 \u00b0C en las partes m\u00e1s elevadas.<br>Sierra: Se registrar\u00e1 cielo medio nublado por nubes bajas y medias, as\u00ed como medio nublado con nublados dispersos por nubes altas durante la ma\u00f1ana y hasta los inicios de la tarde e increment\u00e1ndose gradualmente a cielo nublado por los tres tipos de nubosidad despu\u00e9s de este periodo, con probabilidad de ocurrencia de precipitaciones aisladas y tormentas locales dispersas, principalmente sobre su ladera sur. Vientos de calma a d\u00e9biles variables durante la ma\u00f1ana y del este, variando al sureste de 10 a 15 km\/h por la tarde. Temperaturas m\u00e1ximas de 25 a 27 \u00b0C.<br>Elabor\u00f3: Met. Roel Ayala Mata.<\/p>\n\n\n\n<p>WEB: https:\/\/bit.ly\/35bTTSk<\/p>\n","protected":false},"excerpt":{"rendered":"<p>SISTEMAS METEOROL\u00d3GICOS EN EL PA\u00cdS QUE AFECTAN A GUERRERO ESTE 06 DE SEPTIEMBRE DE 2020 Hora de emisi\u00f3n: 08:00 de la ma\u00f1ana del domingo 6 de septiembre de 2020. Periodo &hellip; <a href=\"https:\/\/unoticias.com.mx\/index.php\/2020\/09\/06\/sistemas-meteorologicos-en-el-pais-que-afectan-a-guerrero-este-06-de-septiembre-de-2020\/\" class=\"more-link\">Leer m\u00e1s<\/a><\/p>\n","protected":false},"author":1,"featured_media":4360,"comment_status":"open","ping_status":"open","sticky":false,"template":"","format":"standard","meta":{"spay_email":"","footnotes":"","jetpack_publicize_message":"","jetpack_is_tweetstorm":false,"jetpack_publicize_feature_enabled":true},"categories":[44],"tags":[],"class_list":["post-4359","post","type-post","status-publish","format-standard","has-post-thumbnail","hentry","category-clima","entry"],"jetpack_featured_media_url":"https:\/\/unoticias.com.mx\/wp-content\/uploads\/2020\/09\/FB_IMG_1599405968545.jpg","jetpack_publicize_connections":[],"jetpack_sharing_enabled":true,"jetpack_likes_enabled":true,"_links":{"self":[{"href":"https:\/\/unoticias.com.mx\/index.php\/wp-json\/wp\/v2\/posts\/4359","targetHints":{"allow":["GET"]}}],"collection":[{"href":"https:\/\/unoticias.com.mx\/index.php\/wp-json\/wp\/v2\/posts"}],"about":[{"href":"https:\/\/unoticias.com.mx\/index.php\/wp-json\/wp\/v2\/types\/post"}],"author":[{"embeddable":true,"href":"https:\/\/unoticias.com.mx\/index.php\/wp-json\/wp\/v2\/users\/1"}],"replies":[{"embeddable":true,"href":"https:\/\/unoticias.com.mx\/index.php\/wp-json\/wp\/v2\/comments?post=4359"}],"version-history":[{"count":1,"href":"https:\/\/unoticias.com.mx\/index.php\/wp-json\/wp\/v2\/posts\/4359\/revisions"}],"predecessor-version":[{"id":4361,"href":"https:\/\/unoticias.com.mx\/index.php\/wp-json\/wp\/v2\/posts\/4359\/revisions\/4361"}],"wp:featuredmedia":[{"embeddable":true,"href":"https:\/\/unoticias.com.mx\/index.php\/wp-json\/wp\/v2\/media\/4360"}],"wp:attachment":[{"href":"https:\/\/unoticias.com.mx\/index.php\/wp-json\/wp\/v2\/media?parent=4359"}],"wp:term":[{"taxonomy":"category","embeddable":true,"href":"https:\/\/unoticias.com.mx\/index.php\/wp-json\/wp\/v2\/categories?post=4359"},{"taxonomy":"post_tag","embeddable":true,"href":"https:\/\/unoticias.com.mx\/index.php\/wp-json\/wp\/v2\/tags?post=4359"}],"curies":[{"name":"wp","href":"https:\/\/api.w.org\/{rel}","templated":true}]}}