{"id":4535,"date":"2020-09-12T03:01:19","date_gmt":"2020-09-12T03:01:19","guid":{"rendered":"https:\/\/unoticias.com.mx\/?p=4535"},"modified":"2020-09-12T03:01:19","modified_gmt":"2020-09-12T03:01:19","slug":"trasciende-muerte-de-lider-fundador-de-la-upoeg-esteban-ramos-gallardo","status":"publish","type":"post","link":"https:\/\/unoticias.com.mx\/index.php\/2020\/09\/12\/trasciende-muerte-de-lider-fundador-de-la-upoeg-esteban-ramos-gallardo\/","title":{"rendered":"Trasciende muerte de l\u00edder fundador de la UPOEG, Esteban Ramos Gallardo."},"content":{"rendered":"\n<p>Trasciende muerte de l\u00edder fundador<br>de la UPOEG, Esteban Ramos Gallardo.<\/p>\n\n\n\n<p>Escribe: Aron Pliego<br>El coordinador de los polic\u00edas comunitarios de Costa Chica adheridos a la Uni\u00f3n de Pueblos y Organizaciones del Estado de Guerrero (UPOEG), Esteban Ramos Gallardo, fue asesinado a balazos la tarde de este viernes en un enfrentamiento armado con presuntos miembros de la delincuencia organizada.<br>De acuerdo con datos policiales, los hechos ocurrieron ocurri\u00f3 alrededor de las 13:00 horas en el punto conocido como \u201cMichigan\u201d, ubicado entre las comunidades de Cuatro Bancos y Boca del R\u00edo, en la conocida zona Delta de Florencio Villarreal, distante unos 30 kil\u00f3metros de la cabecera municipal (Cruz Grande).<br>Se inform\u00f3 los comunitarios implementaron un operativo para detener a unos presuntos delincuentes, cuando fueron agredidos por un grupo armado, hecho que repelieron y provoc\u00f3 la muerte de otras personas, as\u00ed como varios polic\u00edas comunitarios heridos.<br>De manera no oficial, se habla de que junto con el comandante comunitario murieron otros dos civiles, aunque las autoridades se muestran herm\u00e9ticas al respecto.<br>Ramos Gallardo era conocido como l\u00edder fundador de las \u201cautodefensas\u201d surgidas a partir del 2012 e integradas a la UPOEG de Bruno Pl\u00e1cido Valerio, quien abandon\u00f3 las filas de la Coordinadora Regional de Autoridades Comunitarias (CRAC-PC), cuya polic\u00eda comunitaria es reconocida legalmente en los territorios ind\u00edgenas.<\/p>\n","protected":false},"excerpt":{"rendered":"<p>Trasciende muerte de l\u00edder fundadorde la UPOEG, Esteban Ramos Gallardo. Escribe: Aron PliegoEl coordinador de los polic\u00edas comunitarios de Costa Chica adheridos a la Uni\u00f3n de Pueblos y Organizaciones del &hellip; <a href=\"https:\/\/unoticias.com.mx\/index.php\/2020\/09\/12\/trasciende-muerte-de-lider-fundador-de-la-upoeg-esteban-ramos-gallardo\/\" class=\"more-link\">Leer m\u00e1s<\/a><\/p>\n","protected":false},"author":1,"featured_media":4536,"comment_status":"open","ping_status":"open","sticky":false,"template":"","format":"standard","meta":{"spay_email":"","footnotes":"","jetpack_publicize_message":"","jetpack_is_tweetstorm":false,"jetpack_publicize_feature_enabled":true},"categories":[25],"tags":[],"class_list":["post-4535","post","type-post","status-publish","format-standard","has-post-thumbnail","hentry","category-x-games","entry"],"jetpack_featured_media_url":"https:\/\/unoticias.com.mx\/wp-content\/uploads\/2020\/09\/IMG_20200911_215922_156.jpg","jetpack_publicize_connections":[],"jetpack_sharing_enabled":true,"jetpack_likes_enabled":true,"_links":{"self":[{"href":"https:\/\/unoticias.com.mx\/index.php\/wp-json\/wp\/v2\/posts\/4535","targetHints":{"allow":["GET"]}}],"collection":[{"href":"https:\/\/unoticias.com.mx\/index.php\/wp-json\/wp\/v2\/posts"}],"about":[{"href":"https:\/\/unoticias.com.mx\/index.php\/wp-json\/wp\/v2\/types\/post"}],"author":[{"embeddable":true,"href":"https:\/\/unoticias.com.mx\/index.php\/wp-json\/wp\/v2\/users\/1"}],"replies":[{"embeddable":true,"href":"https:\/\/unoticias.com.mx\/index.php\/wp-json\/wp\/v2\/comments?post=4535"}],"version-history":[{"count":1,"href":"https:\/\/unoticias.com.mx\/index.php\/wp-json\/wp\/v2\/posts\/4535\/revisions"}],"predecessor-version":[{"id":4537,"href":"https:\/\/unoticias.com.mx\/index.php\/wp-json\/wp\/v2\/posts\/4535\/revisions\/4537"}],"wp:featuredmedia":[{"embeddable":true,"href":"https:\/\/unoticias.com.mx\/index.php\/wp-json\/wp\/v2\/media\/4536"}],"wp:attachment":[{"href":"https:\/\/unoticias.com.mx\/index.php\/wp-json\/wp\/v2\/media?parent=4535"}],"wp:term":[{"taxonomy":"category","embeddable":true,"href":"https:\/\/unoticias.com.mx\/index.php\/wp-json\/wp\/v2\/categories?post=4535"},{"taxonomy":"post_tag","embeddable":true,"href":"https:\/\/unoticias.com.mx\/index.php\/wp-json\/wp\/v2\/tags?post=4535"}],"curies":[{"name":"wp","href":"https:\/\/api.w.org\/{rel}","templated":true}]}}