{"id":4542,"date":"2020-09-12T16:33:39","date_gmt":"2020-09-12T16:33:39","guid":{"rendered":"https:\/\/unoticias.com.mx\/?p=4542"},"modified":"2020-09-12T16:33:39","modified_gmt":"2020-09-12T16:33:39","slug":"promocion-electoral-disfrazada-de-pablo-amilcar-sandoval-ballesteros","status":"publish","type":"post","link":"https:\/\/unoticias.com.mx\/index.php\/2020\/09\/12\/promocion-electoral-disfrazada-de-pablo-amilcar-sandoval-ballesteros\/","title":{"rendered":"Promoci\u00f3n electoral disfrazada de Pablo Am\u00edlcar Sandoval Ballesteros."},"content":{"rendered":"\n<p>Promoci\u00f3n electoral disfrazada de Pablo Am\u00edlcar Sandoval Ballesteros.<\/p>\n\n\n\n<p>A mediado de julio pasado hubo un esc\u00e1ndalo medi\u00e1tico nacional por la difusi\u00f3n en las redes sociales de un video en el cual un colaborador del delegado federal en Guerrero hac\u00eda a algunos adultos mayores repetir el nombre de Pablo Am\u00edlcar Sandoval Ballesteros para memorizarlo y saber a qui\u00e9n agradecer los beneficios de programas sociales federales.<br>La grabaci\u00f3n fue aprovechada por el diputado federal Rub\u00e9n Cayetano Garc\u00eda como evidencia para denunciar que el funcionario federal usaba los programas sociales a fin de promocionarse anticipadamente a la candidatura a gobernador de Guerrero.<br>En su visita a dos comunidades ind\u00edgenas de Ometepec, #PabloAm\u00edlcarSandovalBallesteros cambi\u00f3 la estrategia por la distribuci\u00f3n generalizada de su tarjeta de presentaci\u00f3n con su nombre y n\u00famero telef\u00f3nico \u201cpara que le reporten si detectan alguna anomal\u00eda en los programas sociales federales\u201d, justific\u00f3.<br>En realidad tiene el mismo fondo de que los beneficiarios y dem\u00e1s asistentes a esos eventos memoricen su nombre y lo recuerden en el caso de ser consultados en la encuesta de a qui\u00e9n quieren para candidato a gobernador de Guerrero.<br>Su visita a las comunidades Cumbre de Barranca Honda y Cochoapa no ten\u00eda una justificaci\u00f3n relevante porque no urg\u00eda la inauguraci\u00f3n que hizo de un plantel escolar en cada caso, pues de momento no hay clases presenciales.<br>Que fue para supervisar la aplicaci\u00f3n de los recursos de los programas la Escuela es Nuestra y Sembrando Vida, pero no revis\u00f3 las cuentas de tales gastos ni constat\u00f3 con procedimiento t\u00e9cnico para conocer la calidad de la construcci\u00f3n, s\u00f3lo a simple vista declar\u00f3 todo estaba m\u00e1s que bien, porque a semejanza del pasaje b\u00edblico en que fueron multiplicados los panes y los peces, \u201caqu\u00ed multiplicaron los ladrillos\u201d, dijo en Cumbre de Barranca Honda.<br>Tampoco urg\u00eda su presencia en los viveros del programa Sembrando Vida en esos mismos pueblos porque no llev\u00f3 ning\u00fan apoyo adicional, solo a \u201csupervisar\u201d, que en realidad fue para que lo conocieran y supieran su nombre mediante las tarjetitas que personalmente se encargaba de que sus colaboradores distribuyeran entre todos los presentes.<br>Si no fuera por el proceso electoral ya iniciado formalmente y que Pablo Am\u00edlcar aspira a ser gobernador de Guerrero, extra\u00f1ar\u00eda tanto activismo del funcionario federal que con el argumento de cumplir su labor oficial recorre intensamente el Estado de Guerrero, y se lo creer\u00eda un inocente o ingenuo, cuando en realidad es una promoci\u00f3n electoral disfrazada.<\/p>\n","protected":false},"excerpt":{"rendered":"<p>Promoci\u00f3n electoral disfrazada de Pablo Am\u00edlcar Sandoval Ballesteros. A mediado de julio pasado hubo un esc\u00e1ndalo medi\u00e1tico nacional por la difusi\u00f3n en las redes sociales de un video en el &hellip; <a href=\"https:\/\/unoticias.com.mx\/index.php\/2020\/09\/12\/promocion-electoral-disfrazada-de-pablo-amilcar-sandoval-ballesteros\/\" class=\"more-link\">Leer m\u00e1s<\/a><\/p>\n","protected":false},"author":1,"featured_media":4543,"comment_status":"open","ping_status":"open","sticky":false,"template":"","format":"standard","meta":{"spay_email":"","footnotes":"","jetpack_publicize_message":"","jetpack_is_tweetstorm":false,"jetpack_publicize_feature_enabled":true},"categories":[15],"tags":[],"class_list":["post-4542","post","type-post","status-publish","format-standard","has-post-thumbnail","hentry","category-local-news","entry"],"jetpack_featured_media_url":"https:\/\/unoticias.com.mx\/wp-content\/uploads\/2020\/09\/FB_IMG_1599928281339.jpg","jetpack_publicize_connections":[],"jetpack_sharing_enabled":true,"jetpack_likes_enabled":true,"_links":{"self":[{"href":"https:\/\/unoticias.com.mx\/index.php\/wp-json\/wp\/v2\/posts\/4542","targetHints":{"allow":["GET"]}}],"collection":[{"href":"https:\/\/unoticias.com.mx\/index.php\/wp-json\/wp\/v2\/posts"}],"about":[{"href":"https:\/\/unoticias.com.mx\/index.php\/wp-json\/wp\/v2\/types\/post"}],"author":[{"embeddable":true,"href":"https:\/\/unoticias.com.mx\/index.php\/wp-json\/wp\/v2\/users\/1"}],"replies":[{"embeddable":true,"href":"https:\/\/unoticias.com.mx\/index.php\/wp-json\/wp\/v2\/comments?post=4542"}],"version-history":[{"count":1,"href":"https:\/\/unoticias.com.mx\/index.php\/wp-json\/wp\/v2\/posts\/4542\/revisions"}],"predecessor-version":[{"id":4544,"href":"https:\/\/unoticias.com.mx\/index.php\/wp-json\/wp\/v2\/posts\/4542\/revisions\/4544"}],"wp:featuredmedia":[{"embeddable":true,"href":"https:\/\/unoticias.com.mx\/index.php\/wp-json\/wp\/v2\/media\/4543"}],"wp:attachment":[{"href":"https:\/\/unoticias.com.mx\/index.php\/wp-json\/wp\/v2\/media?parent=4542"}],"wp:term":[{"taxonomy":"category","embeddable":true,"href":"https:\/\/unoticias.com.mx\/index.php\/wp-json\/wp\/v2\/categories?post=4542"},{"taxonomy":"post_tag","embeddable":true,"href":"https:\/\/unoticias.com.mx\/index.php\/wp-json\/wp\/v2\/tags?post=4542"}],"curies":[{"name":"wp","href":"https:\/\/api.w.org\/{rel}","templated":true}]}}