{"id":4828,"date":"2020-09-23T19:42:09","date_gmt":"2020-09-23T19:42:09","guid":{"rendered":"https:\/\/unoticias.com.mx\/?p=4828"},"modified":"2020-09-23T19:42:09","modified_gmt":"2020-09-23T19:42:09","slug":"capturan-a-presunto-violador-de-menores-en-tierra-caliente","status":"publish","type":"post","link":"https:\/\/unoticias.com.mx\/index.php\/2020\/09\/23\/capturan-a-presunto-violador-de-menores-en-tierra-caliente\/","title":{"rendered":"Capturan a presunto violador de menores en Tierra Caliente."},"content":{"rendered":"\n<p>Capturan a presunto violador de menores en Tierra Caliente.<\/p>\n\n\n\n<p>La Fiscal\u00eda General del Estado a trav\u00e9s de la Polic\u00eda Ministerial en regi\u00f3n Tierra Caliente, dio cumplimiento a la orden de aprehensi\u00f3n en contra de Marcelo &#8220;N&#8221;, como probable responsable de abuso sexual de personas menores de edad, quedando a disposici\u00f3n del Juez de Control y Enjuiciamiento Penal.<\/p>\n","protected":false},"excerpt":{"rendered":"<p>Capturan a presunto violador de menores en Tierra Caliente. La Fiscal\u00eda General del Estado a trav\u00e9s de la Polic\u00eda Ministerial en regi\u00f3n Tierra Caliente, dio cumplimiento a la orden de &hellip; <a href=\"https:\/\/unoticias.com.mx\/index.php\/2020\/09\/23\/capturan-a-presunto-violador-de-menores-en-tierra-caliente\/\" class=\"more-link\">Leer m\u00e1s<\/a><\/p>\n","protected":false},"author":1,"featured_media":4829,"comment_status":"open","ping_status":"open","sticky":false,"template":"","format":"standard","meta":{"spay_email":"","footnotes":"","jetpack_publicize_message":"","jetpack_is_tweetstorm":false,"jetpack_publicize_feature_enabled":true},"categories":[6],"tags":[],"class_list":["post-4828","post","type-post","status-publish","format-standard","has-post-thumbnail","hentry","category-asia","entry"],"jetpack_featured_media_url":"https:\/\/unoticias.com.mx\/wp-content\/uploads\/2020\/09\/IMG_20200923_143939_968.jpg","jetpack_publicize_connections":[],"jetpack_sharing_enabled":true,"jetpack_likes_enabled":true,"_links":{"self":[{"href":"https:\/\/unoticias.com.mx\/index.php\/wp-json\/wp\/v2\/posts\/4828","targetHints":{"allow":["GET"]}}],"collection":[{"href":"https:\/\/unoticias.com.mx\/index.php\/wp-json\/wp\/v2\/posts"}],"about":[{"href":"https:\/\/unoticias.com.mx\/index.php\/wp-json\/wp\/v2\/types\/post"}],"author":[{"embeddable":true,"href":"https:\/\/unoticias.com.mx\/index.php\/wp-json\/wp\/v2\/users\/1"}],"replies":[{"embeddable":true,"href":"https:\/\/unoticias.com.mx\/index.php\/wp-json\/wp\/v2\/comments?post=4828"}],"version-history":[{"count":1,"href":"https:\/\/unoticias.com.mx\/index.php\/wp-json\/wp\/v2\/posts\/4828\/revisions"}],"predecessor-version":[{"id":4830,"href":"https:\/\/unoticias.com.mx\/index.php\/wp-json\/wp\/v2\/posts\/4828\/revisions\/4830"}],"wp:featuredmedia":[{"embeddable":true,"href":"https:\/\/unoticias.com.mx\/index.php\/wp-json\/wp\/v2\/media\/4829"}],"wp:attachment":[{"href":"https:\/\/unoticias.com.mx\/index.php\/wp-json\/wp\/v2\/media?parent=4828"}],"wp:term":[{"taxonomy":"category","embeddable":true,"href":"https:\/\/unoticias.com.mx\/index.php\/wp-json\/wp\/v2\/categories?post=4828"},{"taxonomy":"post_tag","embeddable":true,"href":"https:\/\/unoticias.com.mx\/index.php\/wp-json\/wp\/v2\/tags?post=4828"}],"curies":[{"name":"wp","href":"https:\/\/api.w.org\/{rel}","templated":true}]}}