{"id":4846,"date":"2020-09-24T13:46:14","date_gmt":"2020-09-24T13:46:14","guid":{"rendered":"https:\/\/unoticias.com.mx\/?p=4846"},"modified":"2020-09-24T13:46:14","modified_gmt":"2020-09-24T13:46:14","slug":"policias-ministeriales-de-fge-detienen-a-antonio-joel-n-acusado-de-violacion-agravada-en-oceanic-2000-en-acapulco","status":"publish","type":"post","link":"https:\/\/unoticias.com.mx\/index.php\/2020\/09\/24\/policias-ministeriales-de-fge-detienen-a-antonio-joel-n-acusado-de-violacion-agravada-en-oceanic-2000-en-acapulco\/","title":{"rendered":"Polic\u00edas Ministeriales de FGE detienen a Antonio Joel &#8220;N&#8221; acusado de violaci\u00f3n agravada en Oceanic 2000 en Acapulco."},"content":{"rendered":"\n<p>Polic\u00edas Ministeriales de FGE detienen a Antonio Joel &#8220;N&#8221; acusado de violaci\u00f3n agravada en Oceanic 2000 en Acapulco.<\/p>\n\n\n\n<p>Acapulco, Gro., Derivado de una denuncia de hechos, Polic\u00edas Ministeriales de la Fiscal\u00eda General del Estado detuvieron a quien dijo llamarse Antonio Joel &#8220;N&#8221;, como probable responsable del delito de violaci\u00f3n agravada en el edificio Oceanic 2000 en Costera Miguel Alem\u00e1n.<\/p>\n\n\n\n<p>En el momento que el imputado comet\u00eda el delito fue sorprendido por testigos y \u00e9ste sali\u00f3 corriendo a su oficina al interior de la tienda \u201cSanborns\u201d de donde es gerente, hechos denunciados al n\u00famero de emergencias 911.<\/p>\n\n\n\n<p>Finalmente, Antonio Joel &#8220;N&#8221; fue detenido por Polic\u00edas Ministeriales adscritos a Costa Azul para quedar a disposici\u00f3n de la Agencia Especializada en Delitos Sexuales y Violencia Familiar.<\/p>\n\n\n\n<p>La Fiscal\u00eda General del Estado continuar\u00e1 investigando los delitos del fuero com\u00fan y con especial seguimiento los cometidos en contra de menores de edad en el estado de Guerrero.<\/p>\n","protected":false},"excerpt":{"rendered":"<p>Polic\u00edas Ministeriales de FGE detienen a Antonio Joel &#8220;N&#8221; acusado de violaci\u00f3n agravada en Oceanic 2000 en Acapulco. Acapulco, Gro., Derivado de una denuncia de hechos, Polic\u00edas Ministeriales de la &hellip; <a href=\"https:\/\/unoticias.com.mx\/index.php\/2020\/09\/24\/policias-ministeriales-de-fge-detienen-a-antonio-joel-n-acusado-de-violacion-agravada-en-oceanic-2000-en-acapulco\/\" class=\"more-link\">Leer m\u00e1s<\/a><\/p>\n","protected":false},"author":1,"featured_media":4847,"comment_status":"open","ping_status":"open","sticky":false,"template":"","format":"standard","meta":{"spay_email":"","footnotes":"","jetpack_publicize_message":"","jetpack_is_tweetstorm":false,"jetpack_publicize_feature_enabled":true},"categories":[6],"tags":[],"class_list":["post-4846","post","type-post","status-publish","format-standard","has-post-thumbnail","hentry","category-asia","entry"],"jetpack_featured_media_url":"https:\/\/unoticias.com.mx\/wp-content\/uploads\/2020\/09\/IMG_20200924_084420_439.jpg","jetpack_publicize_connections":[],"jetpack_sharing_enabled":true,"jetpack_likes_enabled":true,"_links":{"self":[{"href":"https:\/\/unoticias.com.mx\/index.php\/wp-json\/wp\/v2\/posts\/4846","targetHints":{"allow":["GET"]}}],"collection":[{"href":"https:\/\/unoticias.com.mx\/index.php\/wp-json\/wp\/v2\/posts"}],"about":[{"href":"https:\/\/unoticias.com.mx\/index.php\/wp-json\/wp\/v2\/types\/post"}],"author":[{"embeddable":true,"href":"https:\/\/unoticias.com.mx\/index.php\/wp-json\/wp\/v2\/users\/1"}],"replies":[{"embeddable":true,"href":"https:\/\/unoticias.com.mx\/index.php\/wp-json\/wp\/v2\/comments?post=4846"}],"version-history":[{"count":1,"href":"https:\/\/unoticias.com.mx\/index.php\/wp-json\/wp\/v2\/posts\/4846\/revisions"}],"predecessor-version":[{"id":4848,"href":"https:\/\/unoticias.com.mx\/index.php\/wp-json\/wp\/v2\/posts\/4846\/revisions\/4848"}],"wp:featuredmedia":[{"embeddable":true,"href":"https:\/\/unoticias.com.mx\/index.php\/wp-json\/wp\/v2\/media\/4847"}],"wp:attachment":[{"href":"https:\/\/unoticias.com.mx\/index.php\/wp-json\/wp\/v2\/media?parent=4846"}],"wp:term":[{"taxonomy":"category","embeddable":true,"href":"https:\/\/unoticias.com.mx\/index.php\/wp-json\/wp\/v2\/categories?post=4846"},{"taxonomy":"post_tag","embeddable":true,"href":"https:\/\/unoticias.com.mx\/index.php\/wp-json\/wp\/v2\/tags?post=4846"}],"curies":[{"name":"wp","href":"https:\/\/api.w.org\/{rel}","templated":true}]}}