{"id":5047,"date":"2020-09-29T23:08:08","date_gmt":"2020-09-29T23:08:08","guid":{"rendered":"https:\/\/unoticias.com.mx\/?p=5047"},"modified":"2020-09-29T23:08:08","modified_gmt":"2020-09-29T23:08:08","slug":"cayeron-secuestradores-de-tlaxcala","status":"publish","type":"post","link":"https:\/\/unoticias.com.mx\/index.php\/2020\/09\/29\/cayeron-secuestradores-de-tlaxcala\/","title":{"rendered":"Cayeron secuestradores de Tlaxcala."},"content":{"rendered":"\n<p>Cayeron secuestradores de Tlaxcala.<\/p>\n\n\n\n<p>La #Pgjtlax consigui\u00f3 de un Juez de Control la vinculaci\u00f3n a proceso en contra de Roberto N., y Brenda N., por el delito de secuestro expr\u00e9s agravado, por lo que enfrentar\u00e1n su investigaci\u00f3n en prisi\u00f3n preventiva oficiosa. Los imputados privaron de la libertad a los propietarios de una vivienda, para posteriormente robar objetos de valor y exigirles 200 mil pesos a cambio de no quitarles la vida.<\/p>\n","protected":false},"excerpt":{"rendered":"<p>Cayeron secuestradores de Tlaxcala. La #Pgjtlax consigui\u00f3 de un Juez de Control la vinculaci\u00f3n a proceso en contra de Roberto N., y Brenda N., por el delito de secuestro expr\u00e9s &hellip; <a href=\"https:\/\/unoticias.com.mx\/index.php\/2020\/09\/29\/cayeron-secuestradores-de-tlaxcala\/\" class=\"more-link\">Leer m\u00e1s<\/a><\/p>\n","protected":false},"author":1,"featured_media":5048,"comment_status":"open","ping_status":"open","sticky":false,"template":"","format":"standard","meta":{"spay_email":"","footnotes":"","jetpack_publicize_message":"","jetpack_is_tweetstorm":false,"jetpack_publicize_feature_enabled":true},"categories":[6],"tags":[],"class_list":["post-5047","post","type-post","status-publish","format-standard","has-post-thumbnail","hentry","category-asia","entry"],"jetpack_featured_media_url":"https:\/\/unoticias.com.mx\/wp-content\/uploads\/2020\/09\/FB_IMG_1601420745343.jpg","jetpack_publicize_connections":[],"jetpack_sharing_enabled":true,"jetpack_likes_enabled":true,"_links":{"self":[{"href":"https:\/\/unoticias.com.mx\/index.php\/wp-json\/wp\/v2\/posts\/5047","targetHints":{"allow":["GET"]}}],"collection":[{"href":"https:\/\/unoticias.com.mx\/index.php\/wp-json\/wp\/v2\/posts"}],"about":[{"href":"https:\/\/unoticias.com.mx\/index.php\/wp-json\/wp\/v2\/types\/post"}],"author":[{"embeddable":true,"href":"https:\/\/unoticias.com.mx\/index.php\/wp-json\/wp\/v2\/users\/1"}],"replies":[{"embeddable":true,"href":"https:\/\/unoticias.com.mx\/index.php\/wp-json\/wp\/v2\/comments?post=5047"}],"version-history":[{"count":1,"href":"https:\/\/unoticias.com.mx\/index.php\/wp-json\/wp\/v2\/posts\/5047\/revisions"}],"predecessor-version":[{"id":5049,"href":"https:\/\/unoticias.com.mx\/index.php\/wp-json\/wp\/v2\/posts\/5047\/revisions\/5049"}],"wp:featuredmedia":[{"embeddable":true,"href":"https:\/\/unoticias.com.mx\/index.php\/wp-json\/wp\/v2\/media\/5048"}],"wp:attachment":[{"href":"https:\/\/unoticias.com.mx\/index.php\/wp-json\/wp\/v2\/media?parent=5047"}],"wp:term":[{"taxonomy":"category","embeddable":true,"href":"https:\/\/unoticias.com.mx\/index.php\/wp-json\/wp\/v2\/categories?post=5047"},{"taxonomy":"post_tag","embeddable":true,"href":"https:\/\/unoticias.com.mx\/index.php\/wp-json\/wp\/v2\/tags?post=5047"}],"curies":[{"name":"wp","href":"https:\/\/api.w.org\/{rel}","templated":true}]}}