{"id":5211,"date":"2020-10-07T00:09:17","date_gmt":"2020-10-07T00:09:17","guid":{"rendered":"https:\/\/unoticias.com.mx\/?p=5211"},"modified":"2020-10-07T00:09:17","modified_gmt":"2020-10-07T00:09:17","slug":"asesinan-a-tiros-a-un-hombre-a-unos-metros-de-la-costera-de-acapulco","status":"publish","type":"post","link":"https:\/\/unoticias.com.mx\/index.php\/2020\/10\/07\/asesinan-a-tiros-a-un-hombre-a-unos-metros-de-la-costera-de-acapulco\/","title":{"rendered":"Asesinan a tiros a un hombre a unos metros de la costera de Acapulco."},"content":{"rendered":"\n<p>Asesinan a tiros a un hombre a unos metros de la costera de Acapulco.<\/p>\n\n\n\n<p>ACAPULCO, GRO. Un hombre fue asesinado a balazos en el fraccionamiento Costa Azul, a un costado de la tiendas Walmart, a unos metros de la blindada avenida Costera Miguel Alem\u00e1n en Acapulco.<br>El crimen se report\u00f3 a las autoridades alrededor de las 12:30 de la tarde, casi frente a la discoteca Baby\u2019O, en la calle Prolongaci\u00f3n Castillo Breton, a unos 15 metros de la vigilada avenida<br>Tras el reporte de una persona baleada en la zona urbana, arribaron param\u00e9dicos de la Cruz Roja quienes localizaron a un hombre tendido boca abajo en medio de la calle con disparos en la cabeza y al ser revisado se percataron que no ten\u00eda ya signos vitales; vest\u00eda una camisa gris con una bermuda de mezclilla azul y portaba sandalias.<br>La zona fue acordonada por la Polic\u00eda Ministerial, mientras que el personal de la Fiscal\u00eda del Estado realiz\u00f3 las diligencias de ley.<br>El cuerpo fue levantado y trasladado a las instalaciones del Servicio M\u00e9dico Forense (Semefo), en calidad de desconocido para los tr\u00e1mites legales correspondientes.<\/p>\n","protected":false},"excerpt":{"rendered":"<p>Asesinan a tiros a un hombre a unos metros de la costera de Acapulco. ACAPULCO, GRO. Un hombre fue asesinado a balazos en el fraccionamiento Costa Azul, a un costado &hellip; <a href=\"https:\/\/unoticias.com.mx\/index.php\/2020\/10\/07\/asesinan-a-tiros-a-un-hombre-a-unos-metros-de-la-costera-de-acapulco\/\" class=\"more-link\">Leer m\u00e1s<\/a><\/p>\n","protected":false},"author":1,"featured_media":5212,"comment_status":"open","ping_status":"open","sticky":false,"template":"","format":"standard","meta":{"spay_email":"","footnotes":"","jetpack_publicize_message":"","jetpack_is_tweetstorm":false,"jetpack_publicize_feature_enabled":true},"categories":[15],"tags":[],"class_list":["post-5211","post","type-post","status-publish","format-standard","has-post-thumbnail","hentry","category-local-news","entry"],"jetpack_featured_media_url":"https:\/\/unoticias.com.mx\/wp-content\/uploads\/2020\/10\/LogoLicious_20201006_190614.jpg","jetpack_publicize_connections":[],"jetpack_sharing_enabled":true,"jetpack_likes_enabled":true,"_links":{"self":[{"href":"https:\/\/unoticias.com.mx\/index.php\/wp-json\/wp\/v2\/posts\/5211","targetHints":{"allow":["GET"]}}],"collection":[{"href":"https:\/\/unoticias.com.mx\/index.php\/wp-json\/wp\/v2\/posts"}],"about":[{"href":"https:\/\/unoticias.com.mx\/index.php\/wp-json\/wp\/v2\/types\/post"}],"author":[{"embeddable":true,"href":"https:\/\/unoticias.com.mx\/index.php\/wp-json\/wp\/v2\/users\/1"}],"replies":[{"embeddable":true,"href":"https:\/\/unoticias.com.mx\/index.php\/wp-json\/wp\/v2\/comments?post=5211"}],"version-history":[{"count":1,"href":"https:\/\/unoticias.com.mx\/index.php\/wp-json\/wp\/v2\/posts\/5211\/revisions"}],"predecessor-version":[{"id":5213,"href":"https:\/\/unoticias.com.mx\/index.php\/wp-json\/wp\/v2\/posts\/5211\/revisions\/5213"}],"wp:featuredmedia":[{"embeddable":true,"href":"https:\/\/unoticias.com.mx\/index.php\/wp-json\/wp\/v2\/media\/5212"}],"wp:attachment":[{"href":"https:\/\/unoticias.com.mx\/index.php\/wp-json\/wp\/v2\/media?parent=5211"}],"wp:term":[{"taxonomy":"category","embeddable":true,"href":"https:\/\/unoticias.com.mx\/index.php\/wp-json\/wp\/v2\/categories?post=5211"},{"taxonomy":"post_tag","embeddable":true,"href":"https:\/\/unoticias.com.mx\/index.php\/wp-json\/wp\/v2\/tags?post=5211"}],"curies":[{"name":"wp","href":"https:\/\/api.w.org\/{rel}","templated":true}]}}