{"id":5214,"date":"2020-10-07T02:19:37","date_gmt":"2020-10-07T02:19:37","guid":{"rendered":"https:\/\/unoticias.com.mx\/?p=5214"},"modified":"2020-10-07T02:19:37","modified_gmt":"2020-10-07T02:19:37","slug":"quema-viviendas-grupo-armado-en-poblado-de-coyuca-de-catalan","status":"publish","type":"post","link":"https:\/\/unoticias.com.mx\/index.php\/2020\/10\/07\/quema-viviendas-grupo-armado-en-poblado-de-coyuca-de-catalan\/","title":{"rendered":"Quema viviendas, grupo armado en poblado de Coyuca de Catal\u00e1n."},"content":{"rendered":"\n<p>Quema viviendas, grupo armado en poblado de Coyuca de Catal\u00e1n.<\/p>\n\n\n\n<p>*De acuerdo a testimonios, el grupo armado habr\u00eda robado al menos 200 cabezas de ganado<\/p>\n\n\n\n<p>REDACCI\u00d3N<\/p>\n\n\n\n<p>Un grupo de sujetos armados, irrumpi\u00f3 en la comunidad del Durazno, perteneciente a la Sierra del municipio de Coyuca de Catal\u00e1n de la regi\u00f3n Tierra Caliente de Guerrero, donde pobladores reportan que quemaron casas y se robaron decenas de cabezas de ganado.<br>De acuerdo con denuncias ciudadanas que se hicieron p\u00fablicas en redes sociales y se informaron a las autoridades de aquel municipio que est\u00e1 ubicado en una zona de constantes conflictos por grupos delincuenciales, la acci\u00f3n ocurri\u00f3 el pasado viernes.<br>Informaci\u00f3n preliminar que no ha sido confirmada por autoridades de seguridad p\u00fablica estatal ni federal, indica que un comando lleg\u00f3 a bordo de varios veh\u00edculos y roci\u00f3 gasolina a las viviendas de esta rancher\u00eda, construidas de madera y l\u00e1mina, mismas que se consumieron por las llamas.<br>Presumiblemente, personas armadas quemaron ranchos de la familia Ch\u00e1vez, y robaron doscientas cabezas de ganado, mismas que se llevaron con rumbo desconocido.<\/p>\n","protected":false},"excerpt":{"rendered":"<p>Quema viviendas, grupo armado en poblado de Coyuca de Catal\u00e1n. *De acuerdo a testimonios, el grupo armado habr\u00eda robado al menos 200 cabezas de ganado REDACCI\u00d3N Un grupo de sujetos &hellip; <a href=\"https:\/\/unoticias.com.mx\/index.php\/2020\/10\/07\/quema-viviendas-grupo-armado-en-poblado-de-coyuca-de-catalan\/\" class=\"more-link\">Leer m\u00e1s<\/a><\/p>\n","protected":false},"author":1,"featured_media":5215,"comment_status":"open","ping_status":"open","sticky":false,"template":"","format":"standard","meta":{"spay_email":"","footnotes":"","jetpack_publicize_message":"","jetpack_is_tweetstorm":false,"jetpack_publicize_feature_enabled":true},"categories":[15],"tags":[],"class_list":["post-5214","post","type-post","status-publish","format-standard","has-post-thumbnail","hentry","category-local-news","entry"],"jetpack_featured_media_url":"https:\/\/unoticias.com.mx\/wp-content\/uploads\/2020\/10\/IMG_20201006_211558_405.jpg","jetpack_publicize_connections":[],"jetpack_sharing_enabled":true,"jetpack_likes_enabled":true,"_links":{"self":[{"href":"https:\/\/unoticias.com.mx\/index.php\/wp-json\/wp\/v2\/posts\/5214","targetHints":{"allow":["GET"]}}],"collection":[{"href":"https:\/\/unoticias.com.mx\/index.php\/wp-json\/wp\/v2\/posts"}],"about":[{"href":"https:\/\/unoticias.com.mx\/index.php\/wp-json\/wp\/v2\/types\/post"}],"author":[{"embeddable":true,"href":"https:\/\/unoticias.com.mx\/index.php\/wp-json\/wp\/v2\/users\/1"}],"replies":[{"embeddable":true,"href":"https:\/\/unoticias.com.mx\/index.php\/wp-json\/wp\/v2\/comments?post=5214"}],"version-history":[{"count":1,"href":"https:\/\/unoticias.com.mx\/index.php\/wp-json\/wp\/v2\/posts\/5214\/revisions"}],"predecessor-version":[{"id":5216,"href":"https:\/\/unoticias.com.mx\/index.php\/wp-json\/wp\/v2\/posts\/5214\/revisions\/5216"}],"wp:featuredmedia":[{"embeddable":true,"href":"https:\/\/unoticias.com.mx\/index.php\/wp-json\/wp\/v2\/media\/5215"}],"wp:attachment":[{"href":"https:\/\/unoticias.com.mx\/index.php\/wp-json\/wp\/v2\/media?parent=5214"}],"wp:term":[{"taxonomy":"category","embeddable":true,"href":"https:\/\/unoticias.com.mx\/index.php\/wp-json\/wp\/v2\/categories?post=5214"},{"taxonomy":"post_tag","embeddable":true,"href":"https:\/\/unoticias.com.mx\/index.php\/wp-json\/wp\/v2\/tags?post=5214"}],"curies":[{"name":"wp","href":"https:\/\/api.w.org\/{rel}","templated":true}]}}