{"id":5217,"date":"2020-10-07T02:35:40","date_gmt":"2020-10-07T02:35:40","guid":{"rendered":"https:\/\/unoticias.com.mx\/?p=5217"},"modified":"2020-10-07T02:35:40","modified_gmt":"2020-10-07T02:35:40","slug":"detienen-a-presunto-asesino-de-iguala","status":"publish","type":"post","link":"https:\/\/unoticias.com.mx\/index.php\/2020\/10\/07\/detienen-a-presunto-asesino-de-iguala\/","title":{"rendered":"Detienen a presunto asesino de Iguala."},"content":{"rendered":"\n<p>Detienen a presunto asesino de Iguala.<\/p>\n\n\n\n<p>Chilpancingo, Gro.- 06 de octubre de 2020.- La Fiscal\u00eda General del Estado obtuvo a trav\u00e9s del Ministerio P\u00fablico en la zona Norte, vinculaci\u00f3n a proceso en contra de Enrique &#8220;N&#8221;, como probable responsable del delito de homicidio en agravio de Juan Carlos &#8220;N&#8221;, en la ciudad de Iguala de la Independencia.<br>El imputado es acusado de agredir a la v\u00edctima el d\u00eda 4 de octubre, en un domicilio ubicado en calle Santa Luc\u00eda, colonia 20 de Septiembre, ocasion\u00e1ndole heridas de gravedad con arma punzocortante y como consecuencia la muerte, hechos en la carpeta judicial C-167\/2020.<br>En audiencia inicial por cumplimiento de orden de aprehensi\u00f3n y aportando los datos de prueba, el Juez de Control vincul\u00f3 a proceso a Enrique &#8220;N&#8221;, acusado de ser probable responsable de homicidio otorg\u00e1ndole tres meses de investigaci\u00f3n complementaria y quedando interno en el Centro de Reinserci\u00f3n Social de Tuxpan, bajo la medida cautelar de prisi\u00f3n preventiva oficiosa.<\/p>\n","protected":false},"excerpt":{"rendered":"<p>Detienen a presunto asesino de Iguala. Chilpancingo, Gro.- 06 de octubre de 2020.- La Fiscal\u00eda General del Estado obtuvo a trav\u00e9s del Ministerio P\u00fablico en la zona Norte, vinculaci\u00f3n a &hellip; <a href=\"https:\/\/unoticias.com.mx\/index.php\/2020\/10\/07\/detienen-a-presunto-asesino-de-iguala\/\" class=\"more-link\">Leer m\u00e1s<\/a><\/p>\n","protected":false},"author":1,"featured_media":5218,"comment_status":"open","ping_status":"open","sticky":false,"template":"","format":"standard","meta":{"spay_email":"","footnotes":"","jetpack_publicize_message":"","jetpack_is_tweetstorm":false,"jetpack_publicize_feature_enabled":true},"categories":[6],"tags":[],"class_list":["post-5217","post","type-post","status-publish","format-standard","has-post-thumbnail","hentry","category-asia","entry"],"jetpack_featured_media_url":"https:\/\/unoticias.com.mx\/wp-content\/uploads\/2020\/10\/IMG_20201006_213410_903.jpg","jetpack_publicize_connections":[],"jetpack_sharing_enabled":true,"jetpack_likes_enabled":true,"_links":{"self":[{"href":"https:\/\/unoticias.com.mx\/index.php\/wp-json\/wp\/v2\/posts\/5217","targetHints":{"allow":["GET"]}}],"collection":[{"href":"https:\/\/unoticias.com.mx\/index.php\/wp-json\/wp\/v2\/posts"}],"about":[{"href":"https:\/\/unoticias.com.mx\/index.php\/wp-json\/wp\/v2\/types\/post"}],"author":[{"embeddable":true,"href":"https:\/\/unoticias.com.mx\/index.php\/wp-json\/wp\/v2\/users\/1"}],"replies":[{"embeddable":true,"href":"https:\/\/unoticias.com.mx\/index.php\/wp-json\/wp\/v2\/comments?post=5217"}],"version-history":[{"count":1,"href":"https:\/\/unoticias.com.mx\/index.php\/wp-json\/wp\/v2\/posts\/5217\/revisions"}],"predecessor-version":[{"id":5219,"href":"https:\/\/unoticias.com.mx\/index.php\/wp-json\/wp\/v2\/posts\/5217\/revisions\/5219"}],"wp:featuredmedia":[{"embeddable":true,"href":"https:\/\/unoticias.com.mx\/index.php\/wp-json\/wp\/v2\/media\/5218"}],"wp:attachment":[{"href":"https:\/\/unoticias.com.mx\/index.php\/wp-json\/wp\/v2\/media?parent=5217"}],"wp:term":[{"taxonomy":"category","embeddable":true,"href":"https:\/\/unoticias.com.mx\/index.php\/wp-json\/wp\/v2\/categories?post=5217"},{"taxonomy":"post_tag","embeddable":true,"href":"https:\/\/unoticias.com.mx\/index.php\/wp-json\/wp\/v2\/tags?post=5217"}],"curies":[{"name":"wp","href":"https:\/\/api.w.org\/{rel}","templated":true}]}}