{"id":5229,"date":"2020-10-08T13:19:16","date_gmt":"2020-10-08T13:19:16","guid":{"rendered":"https:\/\/unoticias.com.mx\/?p=5229"},"modified":"2020-10-08T13:19:16","modified_gmt":"2020-10-08T13:19:16","slug":"asesinan-a-periodista-en-tijuana","status":"publish","type":"post","link":"https:\/\/unoticias.com.mx\/index.php\/2020\/10\/08\/asesinan-a-periodista-en-tijuana\/","title":{"rendered":"ASESINAN A PERIODISTA EN TIJUANA."},"content":{"rendered":"\n<p>ASESINAN A PERIODISTA EN TIJUANA.<\/p>\n\n\n\n<p>Por Teodoro Renter\u00eda Arr\u00f3yave<\/p>\n\n\n\n<p>El siguiente es COMUNICADO CONJUNTO del gremio organizado titulado, \u201cASESINAN AL PERIODISTA MARIANO SOTO CORTEZ EN TIJUANA, BAJA CALIFORNIA\u201d, que reproducimos integro:<\/p>\n\n\n\n<p>\u201cA bordo de su autom\u00f3vil y frente a su esposa lo ultiman de dos balazos en el t\u00f3rax este domingo. \/Era director del conocido sitio period\u00edstico \u2018Tijuana sin Censura\u2019. \/Se salv\u00f3 de un atentado en que result\u00f3 herido, sufrido el 9 de septiembre pasado. \/Aunque algunos compa\u00f1eros no lo reconoc\u00edan como periodista, contaba con la protecci\u00f3n del Mecanismo de Protecci\u00f3n a Periodistas de la Secretar\u00eda de Gobernaci\u00f3n. \/Hab\u00eda hecho \u2018responsable de cualquier cosa que le sucediera al alcalde Arturo Gonz\u00e1lez\u2019<br>Siguenos en nuestro sitio web www.unoticias.com.mx<\/p>\n","protected":false},"excerpt":{"rendered":"<p>ASESINAN A PERIODISTA EN TIJUANA. Por Teodoro Renter\u00eda Arr\u00f3yave El siguiente es COMUNICADO CONJUNTO del gremio organizado titulado, \u201cASESINAN AL PERIODISTA MARIANO SOTO CORTEZ EN TIJUANA, BAJA CALIFORNIA\u201d, que reproducimos &hellip; <a href=\"https:\/\/unoticias.com.mx\/index.php\/2020\/10\/08\/asesinan-a-periodista-en-tijuana\/\" class=\"more-link\">Leer m\u00e1s<\/a><\/p>\n","protected":false},"author":1,"featured_media":5230,"comment_status":"open","ping_status":"open","sticky":false,"template":"","format":"standard","meta":{"spay_email":"","footnotes":"","jetpack_publicize_message":"","jetpack_is_tweetstorm":false,"jetpack_publicize_feature_enabled":true},"categories":[15],"tags":[],"class_list":["post-5229","post","type-post","status-publish","format-standard","has-post-thumbnail","hentry","category-local-news","entry"],"jetpack_featured_media_url":"https:\/\/unoticias.com.mx\/wp-content\/uploads\/2020\/10\/IMG_20201008_081725_538.jpg","jetpack_publicize_connections":[],"jetpack_sharing_enabled":true,"jetpack_likes_enabled":true,"_links":{"self":[{"href":"https:\/\/unoticias.com.mx\/index.php\/wp-json\/wp\/v2\/posts\/5229","targetHints":{"allow":["GET"]}}],"collection":[{"href":"https:\/\/unoticias.com.mx\/index.php\/wp-json\/wp\/v2\/posts"}],"about":[{"href":"https:\/\/unoticias.com.mx\/index.php\/wp-json\/wp\/v2\/types\/post"}],"author":[{"embeddable":true,"href":"https:\/\/unoticias.com.mx\/index.php\/wp-json\/wp\/v2\/users\/1"}],"replies":[{"embeddable":true,"href":"https:\/\/unoticias.com.mx\/index.php\/wp-json\/wp\/v2\/comments?post=5229"}],"version-history":[{"count":1,"href":"https:\/\/unoticias.com.mx\/index.php\/wp-json\/wp\/v2\/posts\/5229\/revisions"}],"predecessor-version":[{"id":5231,"href":"https:\/\/unoticias.com.mx\/index.php\/wp-json\/wp\/v2\/posts\/5229\/revisions\/5231"}],"wp:featuredmedia":[{"embeddable":true,"href":"https:\/\/unoticias.com.mx\/index.php\/wp-json\/wp\/v2\/media\/5230"}],"wp:attachment":[{"href":"https:\/\/unoticias.com.mx\/index.php\/wp-json\/wp\/v2\/media?parent=5229"}],"wp:term":[{"taxonomy":"category","embeddable":true,"href":"https:\/\/unoticias.com.mx\/index.php\/wp-json\/wp\/v2\/categories?post=5229"},{"taxonomy":"post_tag","embeddable":true,"href":"https:\/\/unoticias.com.mx\/index.php\/wp-json\/wp\/v2\/tags?post=5229"}],"curies":[{"name":"wp","href":"https:\/\/api.w.org\/{rel}","templated":true}]}}