{"id":5235,"date":"2020-10-08T17:39:23","date_gmt":"2020-10-08T17:39:23","guid":{"rendered":"https:\/\/unoticias.com.mx\/?p=5235"},"modified":"2020-10-08T17:39:23","modified_gmt":"2020-10-08T17:39:23","slug":"inicia-campana-de-vacunacion-antiinfluenza-en-la-region-montana","status":"publish","type":"post","link":"https:\/\/unoticias.com.mx\/index.php\/2020\/10\/08\/inicia-campana-de-vacunacion-antiinfluenza-en-la-region-montana\/","title":{"rendered":"Inicia Campa\u00f1a de Vacunaci\u00f3n Antiinfluenza en la Regi\u00f3n Monta\u00f1a."},"content":{"rendered":"\n<p>Inicia Campa\u00f1a de Vacunaci\u00f3n Antiinfluenza<br>en la Regi\u00f3n Monta\u00f1a.<\/p>\n\n\n\n<p>Durante el arranque de la Campa\u00f1a de Vacunaci\u00f3n Antiinfluenza Estacional, Temporada Invernal 2020, que comprende del primero de octubre y concluye el 31 de diciembre, participan la Secretar\u00eda de Salud.<br>El objetivo, es inmunizar al cien por ciento de dos grupos blanco: poblaci\u00f3n de 6 a 59 meses de edad (4 a\u00f1os 11 meses) y a los adultos a partir de los 60 a\u00f1os, as\u00ed como a grupos de riesgo: personal de salud, embarazadas y a personas con alg\u00fan padecimiento cr\u00f3nico, como asma no controlada, enfermedades pulmonares cr\u00f3nicas, cardi\u00f3patas, portadores del VIH, c\u00e1ncer, enfermos renales cr\u00f3nicos, diabetes mellitus u obesidad m\u00f3rbida.<br>Esta vacuna protege contra el virus de la influenza H1N1, H3N2 y contra el virus B.<br>\u201cEs totalmente segura y ha venido ayudando a toda la poblaci\u00f3n guerrerense desde que comenz\u00f3 a aplicarse y ha permitido reducir las causas de hospitalizaci\u00f3n por esta enfermedad\u201d.<\/p>\n","protected":false},"excerpt":{"rendered":"<p>Inicia Campa\u00f1a de Vacunaci\u00f3n Antiinfluenzaen la Regi\u00f3n Monta\u00f1a. Durante el arranque de la Campa\u00f1a de Vacunaci\u00f3n Antiinfluenza Estacional, Temporada Invernal 2020, que comprende del primero de octubre y concluye el &hellip; <a href=\"https:\/\/unoticias.com.mx\/index.php\/2020\/10\/08\/inicia-campana-de-vacunacion-antiinfluenza-en-la-region-montana\/\" class=\"more-link\">Leer m\u00e1s<\/a><\/p>\n","protected":false},"author":1,"featured_media":5236,"comment_status":"open","ping_status":"open","sticky":false,"template":"","format":"standard","meta":{"spay_email":"","footnotes":"","jetpack_publicize_message":"","jetpack_is_tweetstorm":false,"jetpack_publicize_feature_enabled":true},"categories":[15],"tags":[],"class_list":["post-5235","post","type-post","status-publish","format-standard","has-post-thumbnail","hentry","category-local-news","entry"],"jetpack_featured_media_url":"https:\/\/unoticias.com.mx\/wp-content\/uploads\/2020\/10\/IMG_20201008_123815_453.jpg","jetpack_publicize_connections":[],"jetpack_sharing_enabled":true,"jetpack_likes_enabled":true,"_links":{"self":[{"href":"https:\/\/unoticias.com.mx\/index.php\/wp-json\/wp\/v2\/posts\/5235","targetHints":{"allow":["GET"]}}],"collection":[{"href":"https:\/\/unoticias.com.mx\/index.php\/wp-json\/wp\/v2\/posts"}],"about":[{"href":"https:\/\/unoticias.com.mx\/index.php\/wp-json\/wp\/v2\/types\/post"}],"author":[{"embeddable":true,"href":"https:\/\/unoticias.com.mx\/index.php\/wp-json\/wp\/v2\/users\/1"}],"replies":[{"embeddable":true,"href":"https:\/\/unoticias.com.mx\/index.php\/wp-json\/wp\/v2\/comments?post=5235"}],"version-history":[{"count":1,"href":"https:\/\/unoticias.com.mx\/index.php\/wp-json\/wp\/v2\/posts\/5235\/revisions"}],"predecessor-version":[{"id":5237,"href":"https:\/\/unoticias.com.mx\/index.php\/wp-json\/wp\/v2\/posts\/5235\/revisions\/5237"}],"wp:featuredmedia":[{"embeddable":true,"href":"https:\/\/unoticias.com.mx\/index.php\/wp-json\/wp\/v2\/media\/5236"}],"wp:attachment":[{"href":"https:\/\/unoticias.com.mx\/index.php\/wp-json\/wp\/v2\/media?parent=5235"}],"wp:term":[{"taxonomy":"category","embeddable":true,"href":"https:\/\/unoticias.com.mx\/index.php\/wp-json\/wp\/v2\/categories?post=5235"},{"taxonomy":"post_tag","embeddable":true,"href":"https:\/\/unoticias.com.mx\/index.php\/wp-json\/wp\/v2\/tags?post=5235"}],"curies":[{"name":"wp","href":"https:\/\/api.w.org\/{rel}","templated":true}]}}