{"id":5241,"date":"2020-10-08T21:14:47","date_gmt":"2020-10-08T21:14:47","guid":{"rendered":"https:\/\/unoticias.com.mx\/?p=5241"},"modified":"2020-10-08T21:14:47","modified_gmt":"2020-10-08T21:14:47","slug":"capturan-a-dos-asesinos-de-iguala","status":"publish","type":"post","link":"https:\/\/unoticias.com.mx\/index.php\/2020\/10\/08\/capturan-a-dos-asesinos-de-iguala\/","title":{"rendered":"Capturan a dos asesinos de Iguala"},"content":{"rendered":"\n<p>Capturan a dos asesinos de Iguala<\/p>\n\n\n\n<p>Chilpancingo, Gro., 8 de octubre de 2020.- El Ministerio P\u00fablico logr\u00f3 del Juez de Control vinculaci\u00f3n a proceso en contra de los imputados Marcelo &#8220;N&#8221;, alias el &#8220;Mole&#8221; y Jes\u00fas Erasto &#8220;N\u201d, alias el &#8220;Chucho&#8221;, acusados como probables responsables de homicidio por arma de fuego en agravio de un masculino y f\u00e9mina, en la ciudad de Iguala de la Independencia.<br>En la carpeta judicial C-163\/2020 se\u00f1ala que el d\u00eda 7 de octubre de 2020, aproximadamente a las 18:00 horas llegaron los imputados a la calle Azucenas de la colonia Para\u00edso, en Iguala, en compa\u00f1\u00eda de dos c\u00f3mplices m\u00e1s, portando armas cortas y largas para accionarlas en contra de las v\u00edctimas.<br>Por estos hechos, el Ministerio P\u00fablico aport\u00f3 los datos de prueba logrando del Juez de Control vincularlos a proceso, otorgando tres meses de investigaci\u00f3n complementaria, quedando internos bajo la medida cautelar de prisi\u00f3n preventiva oficiosa.<\/p>\n","protected":false},"excerpt":{"rendered":"<p>Capturan a dos asesinos de Iguala Chilpancingo, Gro., 8 de octubre de 2020.- El Ministerio P\u00fablico logr\u00f3 del Juez de Control vinculaci\u00f3n a proceso en contra de los imputados Marcelo &hellip; <a href=\"https:\/\/unoticias.com.mx\/index.php\/2020\/10\/08\/capturan-a-dos-asesinos-de-iguala\/\" class=\"more-link\">Leer m\u00e1s<\/a><\/p>\n","protected":false},"author":1,"featured_media":5242,"comment_status":"open","ping_status":"open","sticky":false,"template":"","format":"standard","meta":{"spay_email":"","footnotes":"","jetpack_publicize_message":"","jetpack_is_tweetstorm":false,"jetpack_publicize_feature_enabled":true},"categories":[6],"tags":[],"class_list":["post-5241","post","type-post","status-publish","format-standard","has-post-thumbnail","hentry","category-asia","entry"],"jetpack_featured_media_url":"https:\/\/unoticias.com.mx\/wp-content\/uploads\/2020\/10\/IMG_20201008_161127_802.jpg","jetpack_publicize_connections":[],"jetpack_sharing_enabled":true,"jetpack_likes_enabled":true,"_links":{"self":[{"href":"https:\/\/unoticias.com.mx\/index.php\/wp-json\/wp\/v2\/posts\/5241","targetHints":{"allow":["GET"]}}],"collection":[{"href":"https:\/\/unoticias.com.mx\/index.php\/wp-json\/wp\/v2\/posts"}],"about":[{"href":"https:\/\/unoticias.com.mx\/index.php\/wp-json\/wp\/v2\/types\/post"}],"author":[{"embeddable":true,"href":"https:\/\/unoticias.com.mx\/index.php\/wp-json\/wp\/v2\/users\/1"}],"replies":[{"embeddable":true,"href":"https:\/\/unoticias.com.mx\/index.php\/wp-json\/wp\/v2\/comments?post=5241"}],"version-history":[{"count":1,"href":"https:\/\/unoticias.com.mx\/index.php\/wp-json\/wp\/v2\/posts\/5241\/revisions"}],"predecessor-version":[{"id":5243,"href":"https:\/\/unoticias.com.mx\/index.php\/wp-json\/wp\/v2\/posts\/5241\/revisions\/5243"}],"wp:featuredmedia":[{"embeddable":true,"href":"https:\/\/unoticias.com.mx\/index.php\/wp-json\/wp\/v2\/media\/5242"}],"wp:attachment":[{"href":"https:\/\/unoticias.com.mx\/index.php\/wp-json\/wp\/v2\/media?parent=5241"}],"wp:term":[{"taxonomy":"category","embeddable":true,"href":"https:\/\/unoticias.com.mx\/index.php\/wp-json\/wp\/v2\/categories?post=5241"},{"taxonomy":"post_tag","embeddable":true,"href":"https:\/\/unoticias.com.mx\/index.php\/wp-json\/wp\/v2\/tags?post=5241"}],"curies":[{"name":"wp","href":"https:\/\/api.w.org\/{rel}","templated":true}]}}