{"id":5399,"date":"2020-10-16T20:02:15","date_gmt":"2020-10-16T20:02:15","guid":{"rendered":"https:\/\/unoticias.com.mx\/?p=5399"},"modified":"2020-10-16T20:02:15","modified_gmt":"2020-10-16T20:02:15","slug":"beatriz-mojica-morga-virtual-candidata-a-la-gubernatura-de-la-coalicion-pt-morena-y-del-partido-verde-ecologistarhm","status":"publish","type":"post","link":"https:\/\/unoticias.com.mx\/index.php\/2020\/10\/16\/beatriz-mojica-morga-virtual-candidata-a-la-gubernatura-de-la-coalicion-pt-morena-y-del-partido-verde-ecologistarhm\/","title":{"rendered":"Beatriz Mojica Morga, virtual candidata a la gubernatura de la coalici\u00f3n PT, MORENA y del Partido Verde Ecologista:RHM"},"content":{"rendered":"\n<p>Beatriz Mojica Morga, virtual candidata a la gubernatura de la coalici\u00f3n PT, MORENA y del Partido Verde Ecologista:RHM<\/p>\n\n\n\n<p>Afirma que si existen corrientes en el PT y que las organizaciones se est\u00e1n sumando al proyecto de Beatriz Mojica Morga.<br>\u2019\u2019Por el momento no hay candidatos en el PT pero contin\u00fao trabajando para ser el candidato para la presidencia municipal\u2019\u2019.<br>Por Osvaldo Rend\u00f3n R\u00edos<br>Ometepec., Gro. 15 de octubre de 2020. El coordinador municipal del Partido del Trabajo PT del municipio de Ometepec, Rom\u00e1n Hern\u00e1ndez Meza, asegur\u00f3 que Beatriz Mojica Morga, \u00bf\u00bfes la virtual candidata a la gubernatura de nuestro estado de la coalici\u00f3n PT, MORENA y del Partido Verde Ecologista y es la \u00fanica que garantiza el triunfo en el 2021\u2019\u2019.<br>En entrevista v\u00eda telef\u00f3nica Rom\u00e1n Hern\u00e1ndez Meza, expuso que el dirigente nacional del PT, Alberto Anaya Guti\u00e9rrez, \u2018\u2019entregar\u00e1 en los pr\u00f3ximos d\u00edas en la ciudad de M\u00e9xico, su nombramiento a la licenciada Beatriz Mojica Morga, como candidata a la gubernatura de nuestro estado por la alianza PT, MORENA y del Partido Verde Ecologista\u2019\u2019.<br>Recalc\u00f3 que Beatriz Mojica Morga, \u2018\u2019es la \u00fanica posicionada en nuestro estado y es la \u00fanica que garantiza el triunfo para ganar el proceso electoral en el 2021, tambi\u00e9n es la \u00fanica que pueda garantizar la unidad de las izquierdas, ya que lo que se busca es unificar los partidos de izquierda y no dividirlos, ya que si se dividen las izquierdas pues no se garantiza el triunfo\u201d.<br>Agreg\u00f3 que \u2018\u2019el comisionado en nuestro estado, Victoriano Wences Real, coment\u00f3 que no hab\u00eda corrientes en nuestro partido, yo quiero decirte que si existen las corrientes, ya que una de ellas la representa Victoriano Wences Real, la otra corriente la dirige la compa\u00f1era Beatriz Mojica Morga, otra corriente la representa Sebasti\u00e1n de la Rosa, y muchas corrientes se est\u00e1n uniendo al proyecto de Beatriz Mojica Morga\u201d.<br>En otro orden de ideas, coment\u00f3 que lo que est\u00e1 haciendo el Comisionado estatal del PT, Victoriano Wences Real, \u2018\u2019son temas que no est\u00e1n estipulados en la normativa; tan es as\u00ed, que no existen coordinadores regionales, como \u00e9l ha estado nombrando o sea, esos nombramientos no son v\u00e1lidos\u2019\u2019.<br>Dijo tambi\u00e9n que ellos continuamos trabajando en el proyecto de Beatriz Mojica Morga, \u2018\u2019ya que ella ser\u00e1 la candidata de la coalici\u00f3n, es la \u00fanica que garantiza el triunfo en el proceso electoral del 2021, y es la \u00fanica que pueda hacer que los guerrerenses tengan una mejor calidad de vida\u201d.<br>Y finaliz\u00f3 comentando que aun no hay candidatos en los municipios, \u2018\u2019pero yo contin\u00fao tambi\u00e9n haciendo el trabajo para ser candidato a la presidencia municipal de Ometepec, tambi\u00e9n estoy trabajando en el tema de las alianzas, ya que yo le apuesto a la unidad de las izquierdas, para que de esa manera logremos un triunfo contundente\u201d.<\/p>\n","protected":false},"excerpt":{"rendered":"<p>Beatriz Mojica Morga, virtual candidata a la gubernatura de la coalici\u00f3n PT, MORENA y del Partido Verde Ecologista:RHM Afirma que si existen corrientes en el PT y que las organizaciones &hellip; <a href=\"https:\/\/unoticias.com.mx\/index.php\/2020\/10\/16\/beatriz-mojica-morga-virtual-candidata-a-la-gubernatura-de-la-coalicion-pt-morena-y-del-partido-verde-ecologistarhm\/\" class=\"more-link\">Leer m\u00e1s<\/a><\/p>\n","protected":false},"author":1,"featured_media":5400,"comment_status":"open","ping_status":"open","sticky":false,"template":"","format":"standard","meta":{"spay_email":"","footnotes":"","jetpack_publicize_message":"","jetpack_is_tweetstorm":false,"jetpack_publicize_feature_enabled":true},"categories":[15],"tags":[],"class_list":["post-5399","post","type-post","status-publish","format-standard","has-post-thumbnail","hentry","category-local-news","entry"],"jetpack_featured_media_url":"https:\/\/unoticias.com.mx\/wp-content\/uploads\/2020\/10\/FB_IMG_1602878307966.jpg","jetpack_publicize_connections":[],"jetpack_sharing_enabled":true,"jetpack_likes_enabled":true,"_links":{"self":[{"href":"https:\/\/unoticias.com.mx\/index.php\/wp-json\/wp\/v2\/posts\/5399","targetHints":{"allow":["GET"]}}],"collection":[{"href":"https:\/\/unoticias.com.mx\/index.php\/wp-json\/wp\/v2\/posts"}],"about":[{"href":"https:\/\/unoticias.com.mx\/index.php\/wp-json\/wp\/v2\/types\/post"}],"author":[{"embeddable":true,"href":"https:\/\/unoticias.com.mx\/index.php\/wp-json\/wp\/v2\/users\/1"}],"replies":[{"embeddable":true,"href":"https:\/\/unoticias.com.mx\/index.php\/wp-json\/wp\/v2\/comments?post=5399"}],"version-history":[{"count":1,"href":"https:\/\/unoticias.com.mx\/index.php\/wp-json\/wp\/v2\/posts\/5399\/revisions"}],"predecessor-version":[{"id":5401,"href":"https:\/\/unoticias.com.mx\/index.php\/wp-json\/wp\/v2\/posts\/5399\/revisions\/5401"}],"wp:featuredmedia":[{"embeddable":true,"href":"https:\/\/unoticias.com.mx\/index.php\/wp-json\/wp\/v2\/media\/5400"}],"wp:attachment":[{"href":"https:\/\/unoticias.com.mx\/index.php\/wp-json\/wp\/v2\/media?parent=5399"}],"wp:term":[{"taxonomy":"category","embeddable":true,"href":"https:\/\/unoticias.com.mx\/index.php\/wp-json\/wp\/v2\/categories?post=5399"},{"taxonomy":"post_tag","embeddable":true,"href":"https:\/\/unoticias.com.mx\/index.php\/wp-json\/wp\/v2\/tags?post=5399"}],"curies":[{"name":"wp","href":"https:\/\/api.w.org\/{rel}","templated":true}]}}