{"id":5412,"date":"2020-10-18T13:00:41","date_gmt":"2020-10-18T13:00:41","guid":{"rendered":"https:\/\/unoticias.com.mx\/?p=5412"},"modified":"2020-10-18T13:00:41","modified_gmt":"2020-10-18T13:00:41","slug":"en-diciembre-anunciara-si-ira-en-busca-de-un-cargo-de-eleccion-popular-dice-jaime-lopez-hilario","status":"publish","type":"post","link":"https:\/\/unoticias.com.mx\/index.php\/2020\/10\/18\/en-diciembre-anunciara-si-ira-en-busca-de-un-cargo-de-eleccion-popular-dice-jaime-lopez-hilario\/","title":{"rendered":"En diciembre anunciar\u00e1 si ir\u00e1 en busca de un cargo de elecci\u00f3n popular, dice Jaime L\u00f3pez Hilario."},"content":{"rendered":"\n<p>En diciembre anunciar\u00e1 si ir\u00e1 en busca de un cargo de elecci\u00f3n popular, dice Jaime L\u00f3pez Hilario.<\/p>\n\n\n\n<p>Jaime L\u00f3pez Hilario, presidente de la asociaci\u00f3n Juventud Comprometida y uno de los que entre la sociedad se menciona podr\u00eda ser el candidato del PRI para alcalde de Ometepec, en entrevista dijo que seguir\u00e1 trabajando como asociaci\u00f3n civil hasta donde lo permiten los tiempos legales, y despu\u00e9s de una reflexi\u00f3n junto con su familia, en diciembre anunciar\u00e1 si ir\u00e1 en busca de un cargo de elecci\u00f3n popular.<\/p>\n\n\n\n<p>Entrevistado hace unas horas en la cancha del barrio de San Nicol\u00e1s en Ometepec, el joven pol\u00edtico dijo que seguir\u00e1 trabajando con la gente del municipio de Ometepec \u201ccon las mismas ganas de seguir apoyando en la econom\u00eda de nuestros paisanos\u201d, y es que desde la asociaci\u00f3n que dirige, el pol\u00edtico se ha adentrado en las comunidades y en la cabecera de Ometepec con apoyos como productos diversos a bajo costo, capacitaciones a artesanas, entre otros.<\/p>\n\n\n\n<p>Sobre alguna aspiraci\u00f3n para la contienda electoral puntualiz\u00f3: \u201cVamos a esperar los tiempos, yo siempre he sido transparente, directo, honesto con ustedes\u2026hoy quiero trabajar hasta diciembre hasta donde lo marque el calendario, (luego) har\u00e9 una reflexi\u00f3n de manera personal un an\u00e1lisis, lo platicar\u00e9 con mi familia, lo platicar\u00e9 con mi equipo de trabajo y veremos si otra vez optamos por continuar en alguna aspiraci\u00f3n\u201d.<\/p>\n\n\n\n<p>Al t\u00e9rmino del acto donde se les tom\u00f3 protesta a los de las Red de J\u00f3venes por M\u00e9xico que estar\u00e1n fungiendo en cada municipio, L\u00f3pez Hilario aprovech\u00f3 para invitar a los j\u00f3venes del municipio a que se acerquen a las filas del PRI, sobre todo aquellos que han visto cerradas las puertas en otras partes.<\/p>\n","protected":false},"excerpt":{"rendered":"<p>En diciembre anunciar\u00e1 si ir\u00e1 en busca de un cargo de elecci\u00f3n popular, dice Jaime L\u00f3pez Hilario. Jaime L\u00f3pez Hilario, presidente de la asociaci\u00f3n Juventud Comprometida y uno de los &hellip; <a href=\"https:\/\/unoticias.com.mx\/index.php\/2020\/10\/18\/en-diciembre-anunciara-si-ira-en-busca-de-un-cargo-de-eleccion-popular-dice-jaime-lopez-hilario\/\" class=\"more-link\">Leer m\u00e1s<\/a><\/p>\n","protected":false},"author":1,"featured_media":5413,"comment_status":"open","ping_status":"open","sticky":false,"template":"","format":"standard","meta":{"spay_email":"","footnotes":"","jetpack_publicize_message":"","jetpack_is_tweetstorm":false,"jetpack_publicize_feature_enabled":true},"categories":[15],"tags":[],"class_list":["post-5412","post","type-post","status-publish","format-standard","has-post-thumbnail","hentry","category-local-news","entry"],"jetpack_featured_media_url":"https:\/\/unoticias.com.mx\/wp-content\/uploads\/2020\/10\/IMG_20201018_075659_848.jpg","jetpack_publicize_connections":[],"jetpack_sharing_enabled":true,"jetpack_likes_enabled":true,"_links":{"self":[{"href":"https:\/\/unoticias.com.mx\/index.php\/wp-json\/wp\/v2\/posts\/5412","targetHints":{"allow":["GET"]}}],"collection":[{"href":"https:\/\/unoticias.com.mx\/index.php\/wp-json\/wp\/v2\/posts"}],"about":[{"href":"https:\/\/unoticias.com.mx\/index.php\/wp-json\/wp\/v2\/types\/post"}],"author":[{"embeddable":true,"href":"https:\/\/unoticias.com.mx\/index.php\/wp-json\/wp\/v2\/users\/1"}],"replies":[{"embeddable":true,"href":"https:\/\/unoticias.com.mx\/index.php\/wp-json\/wp\/v2\/comments?post=5412"}],"version-history":[{"count":1,"href":"https:\/\/unoticias.com.mx\/index.php\/wp-json\/wp\/v2\/posts\/5412\/revisions"}],"predecessor-version":[{"id":5414,"href":"https:\/\/unoticias.com.mx\/index.php\/wp-json\/wp\/v2\/posts\/5412\/revisions\/5414"}],"wp:featuredmedia":[{"embeddable":true,"href":"https:\/\/unoticias.com.mx\/index.php\/wp-json\/wp\/v2\/media\/5413"}],"wp:attachment":[{"href":"https:\/\/unoticias.com.mx\/index.php\/wp-json\/wp\/v2\/media?parent=5412"}],"wp:term":[{"taxonomy":"category","embeddable":true,"href":"https:\/\/unoticias.com.mx\/index.php\/wp-json\/wp\/v2\/categories?post=5412"},{"taxonomy":"post_tag","embeddable":true,"href":"https:\/\/unoticias.com.mx\/index.php\/wp-json\/wp\/v2\/tags?post=5412"}],"curies":[{"name":"wp","href":"https:\/\/api.w.org\/{rel}","templated":true}]}}