{"id":542,"date":"2020-05-14T16:24:00","date_gmt":"2020-05-14T16:24:00","guid":{"rendered":"https:\/\/unoticias.com.mx\/?p=542"},"modified":"2020-05-14T16:24:00","modified_gmt":"2020-05-14T16:24:00","slug":"solo-se-la-pasa-tomando-cafe-la-presidenta-de-puebla-recrimina-el-gobernador-miguel-barbosa","status":"publish","type":"post","link":"https:\/\/unoticias.com.mx\/index.php\/2020\/05\/14\/solo-se-la-pasa-tomando-cafe-la-presidenta-de-puebla-recrimina-el-gobernador-miguel-barbosa\/","title":{"rendered":"S\u00f3lo se la pasa tomando caf\u00e9 la presidenta de Puebla; recrimina el gobernador Miguel Barbosa."},"content":{"rendered":"\n<p>S\u00f3lo se la pasa tomando caf\u00e9 la presidenta de Puebla; recrimina el gobernador Miguel Barbosa.<\/p>\n\n\n\n<p>Sarah\u00ed M\u00e9ndez\/<br>PUEBLA, PUE.Debido a que la presidenta municipal #ClaudiaRiveraVivanco, determin\u00f3 no participar en la detenci\u00f3n de veh\u00edculos que no respeten el programa Hoy No Circula, el mandatario poblano, #MiguelBarbosa, le recrimin\u00f3 y exhibi\u00f3 una vez m\u00e1s, al se\u00f1alar que s\u00f3lo se la pasa tomando caf\u00e9.<br>El gobernador tambi\u00e9n dijo que las autoridades municipales solo se la pasan en azoteas viendo las c\u00fapulas de los \u00e1rboles y tomando caf\u00e9 con una tasa en la que claramente est\u00e1 promocionando a un personaje, cuando tiene uno el problema enfrente.<br>Es importante mencionar que Puebla registra el 70 por ciento de contagios, en conjunto con municipios circunvecinos, por lo cual, para la autoridad estatal es importante combatir al Coronavirus evitando el tr\u00e1nsito de veh\u00edculos particulares.<br>Por otra parte, dicho programa ha sido rechazado por la mayor\u00eda de ciudadanos, debido a que consideran que lejos de evitar contagios los agravar\u00e1, puesto que quienes no tienen m\u00e1s de dos veh\u00edculos tienen que utilizar el transporte p\u00fablico.<\/p>\n","protected":false},"excerpt":{"rendered":"<p>S\u00f3lo se la pasa tomando caf\u00e9 la presidenta de Puebla; recrimina el gobernador Miguel Barbosa. Sarah\u00ed M\u00e9ndez\/PUEBLA, PUE.Debido a que la presidenta municipal #ClaudiaRiveraVivanco, determin\u00f3 no participar en la detenci\u00f3n &hellip; <a href=\"https:\/\/unoticias.com.mx\/index.php\/2020\/05\/14\/solo-se-la-pasa-tomando-cafe-la-presidenta-de-puebla-recrimina-el-gobernador-miguel-barbosa\/\" class=\"more-link\">Leer m\u00e1s<\/a><\/p>\n","protected":false},"author":1,"featured_media":543,"comment_status":"open","ping_status":"open","sticky":false,"template":"","format":"standard","meta":{"spay_email":"","footnotes":"","jetpack_publicize_message":"","jetpack_is_tweetstorm":false,"jetpack_publicize_feature_enabled":true},"categories":[3],"tags":[],"class_list":["post-542","post","type-post","status-publish","format-standard","has-post-thumbnail","hentry","category-africa","entry"],"jetpack_featured_media_url":"https:\/\/unoticias.com.mx\/wp-content\/uploads\/2020\/05\/LogoLicious_20200514_112045.jpg","jetpack_publicize_connections":[],"jetpack_sharing_enabled":true,"jetpack_likes_enabled":true,"_links":{"self":[{"href":"https:\/\/unoticias.com.mx\/index.php\/wp-json\/wp\/v2\/posts\/542","targetHints":{"allow":["GET"]}}],"collection":[{"href":"https:\/\/unoticias.com.mx\/index.php\/wp-json\/wp\/v2\/posts"}],"about":[{"href":"https:\/\/unoticias.com.mx\/index.php\/wp-json\/wp\/v2\/types\/post"}],"author":[{"embeddable":true,"href":"https:\/\/unoticias.com.mx\/index.php\/wp-json\/wp\/v2\/users\/1"}],"replies":[{"embeddable":true,"href":"https:\/\/unoticias.com.mx\/index.php\/wp-json\/wp\/v2\/comments?post=542"}],"version-history":[{"count":1,"href":"https:\/\/unoticias.com.mx\/index.php\/wp-json\/wp\/v2\/posts\/542\/revisions"}],"predecessor-version":[{"id":544,"href":"https:\/\/unoticias.com.mx\/index.php\/wp-json\/wp\/v2\/posts\/542\/revisions\/544"}],"wp:featuredmedia":[{"embeddable":true,"href":"https:\/\/unoticias.com.mx\/index.php\/wp-json\/wp\/v2\/media\/543"}],"wp:attachment":[{"href":"https:\/\/unoticias.com.mx\/index.php\/wp-json\/wp\/v2\/media?parent=542"}],"wp:term":[{"taxonomy":"category","embeddable":true,"href":"https:\/\/unoticias.com.mx\/index.php\/wp-json\/wp\/v2\/categories?post=542"},{"taxonomy":"post_tag","embeddable":true,"href":"https:\/\/unoticias.com.mx\/index.php\/wp-json\/wp\/v2\/tags?post=542"}],"curies":[{"name":"wp","href":"https:\/\/api.w.org\/{rel}","templated":true}]}}