{"id":5480,"date":"2020-10-21T02:34:07","date_gmt":"2020-10-21T02:34:07","guid":{"rendered":"https:\/\/unoticias.com.mx\/?p=5480"},"modified":"2020-10-21T02:34:07","modified_gmt":"2020-10-21T02:34:07","slug":"alcalde-de-juan-r-escudero-bachea-avenida-principal-de-tierra-colorada-con-tierra","status":"publish","type":"post","link":"https:\/\/unoticias.com.mx\/index.php\/2020\/10\/21\/alcalde-de-juan-r-escudero-bachea-avenida-principal-de-tierra-colorada-con-tierra\/","title":{"rendered":"Alcalde de Juan R. Escudero, bachea avenida principal de Tierra Colorada \u00a1con tierra!"},"content":{"rendered":"\n<p>Alcalde de Juan R. Escudero, bachea avenida principal de Tierra Colorada \u00a1con tierra!<\/p>\n\n\n\n<ul class=\"wp-block-list\"><li>Cuestionan vecinos las constantes pifias cometidas por la autoridad municipal<\/li><\/ul>\n\n\n\n<p>Por Francisco Javier Flores V.<\/p>\n\n\n\n<p>TIERRA COLORADA, Gro., Indignaci\u00f3n y coraje provoc\u00f3 en habitantes de #TierraColorada, cabecera municipal de Juan R. Escudero, la acci\u00f3n del gobierno que encabeza el alcalde de #morenasiluminadas #DelfinoTerronesRam\u00edrez, quien orden\u00f3 bachear un tramo de la avenida principal \u00a1con tierra!.<br>Sin salir de su asombro, las personas que atestiguaron el hecho sobre un tramo de la calle Vicente Guerrero consideraron tal decisi\u00f3n una burla, pues si bien cuando la brigada de trabajadores del Ayuntamiento comenz\u00f3 la labor se alegraron porque al fin la autoridad estaba haciendo algo, &#8220;el gozo se fue al pozo&#8221;, dijeron, cuando se percataron de que el material de relleno para los baches era vil tierra.<br>Se\u00f1alaron que ello provocar\u00e1 que con la primera lluvia, esa tierra se convertir\u00e1 en lodo y los hoyos en la cinta asf\u00e1ltica no quedar\u00e1n igual, sino peor, por lo que de inmediato, al ser denunciado el hecho en redes sociales de internet, cuestionaron si en el Ayuntamiento habr\u00e1 alguien que asesore al presidente municipal para que ya no cometa tantas pifias.<br>&#8220;Q poca! Efectivamente!! NO HAY UNA CABEZA PENSANTE!! En esa administraci\u00f3n mpal.de ocurrencias!! Por otro lado,LA SALIDA A COSTA CHICA,se encuentra en PESIMAS CONDICIONES!! Historicamente! Jamas se abia descuidado tanto esa importante arteria\u2026.OBRAS P\u00daBLICAS MPLAL,donde estas q no los vemos?????? Deberas q no tienen verguenza\u2026..(sic), escribi\u00f3 el usuario Peter Vale.<br>Algunos ciudadanos comentaron que, ante la incapacidad manifiesta de la autoridad municipal, est\u00e1n dispuestos a organizar una cooperaci\u00f3n para adquirir asfalto y hacer el bacheo como debe ser, y no estar dependiendo de un gobierno &#8220;de ocurrencias&#8221;.<\/p>\n","protected":false},"excerpt":{"rendered":"<p>Alcalde de Juan R. Escudero, bachea avenida principal de Tierra Colorada \u00a1con tierra! Cuestionan vecinos las constantes pifias cometidas por la autoridad municipal Por Francisco Javier Flores V. TIERRA COLORADA, &hellip; <a href=\"https:\/\/unoticias.com.mx\/index.php\/2020\/10\/21\/alcalde-de-juan-r-escudero-bachea-avenida-principal-de-tierra-colorada-con-tierra\/\" class=\"more-link\">Leer m\u00e1s<\/a><\/p>\n","protected":false},"author":1,"featured_media":5481,"comment_status":"open","ping_status":"open","sticky":false,"template":"","format":"standard","meta":{"spay_email":"","footnotes":"","jetpack_publicize_message":"","jetpack_is_tweetstorm":false,"jetpack_publicize_feature_enabled":true},"categories":[15],"tags":[],"class_list":["post-5480","post","type-post","status-publish","format-standard","has-post-thumbnail","hentry","category-local-news","entry"],"jetpack_featured_media_url":"https:\/\/unoticias.com.mx\/wp-content\/uploads\/2020\/10\/IMG_20201020_213215_717.jpg","jetpack_publicize_connections":[],"jetpack_sharing_enabled":true,"jetpack_likes_enabled":true,"_links":{"self":[{"href":"https:\/\/unoticias.com.mx\/index.php\/wp-json\/wp\/v2\/posts\/5480","targetHints":{"allow":["GET"]}}],"collection":[{"href":"https:\/\/unoticias.com.mx\/index.php\/wp-json\/wp\/v2\/posts"}],"about":[{"href":"https:\/\/unoticias.com.mx\/index.php\/wp-json\/wp\/v2\/types\/post"}],"author":[{"embeddable":true,"href":"https:\/\/unoticias.com.mx\/index.php\/wp-json\/wp\/v2\/users\/1"}],"replies":[{"embeddable":true,"href":"https:\/\/unoticias.com.mx\/index.php\/wp-json\/wp\/v2\/comments?post=5480"}],"version-history":[{"count":1,"href":"https:\/\/unoticias.com.mx\/index.php\/wp-json\/wp\/v2\/posts\/5480\/revisions"}],"predecessor-version":[{"id":5482,"href":"https:\/\/unoticias.com.mx\/index.php\/wp-json\/wp\/v2\/posts\/5480\/revisions\/5482"}],"wp:featuredmedia":[{"embeddable":true,"href":"https:\/\/unoticias.com.mx\/index.php\/wp-json\/wp\/v2\/media\/5481"}],"wp:attachment":[{"href":"https:\/\/unoticias.com.mx\/index.php\/wp-json\/wp\/v2\/media?parent=5480"}],"wp:term":[{"taxonomy":"category","embeddable":true,"href":"https:\/\/unoticias.com.mx\/index.php\/wp-json\/wp\/v2\/categories?post=5480"},{"taxonomy":"post_tag","embeddable":true,"href":"https:\/\/unoticias.com.mx\/index.php\/wp-json\/wp\/v2\/tags?post=5480"}],"curies":[{"name":"wp","href":"https:\/\/api.w.org\/{rel}","templated":true}]}}