{"id":5483,"date":"2020-10-21T03:42:27","date_gmt":"2020-10-21T03:42:27","guid":{"rendered":"https:\/\/unoticias.com.mx\/?p=5483"},"modified":"2020-10-21T03:42:27","modified_gmt":"2020-10-21T03:42:27","slug":"sujetos-armados-atacan-funeraria-en-iguala","status":"publish","type":"post","link":"https:\/\/unoticias.com.mx\/index.php\/2020\/10\/21\/sujetos-armados-atacan-funeraria-en-iguala\/","title":{"rendered":"Sujetos armados atacan funeraria en Iguala."},"content":{"rendered":"\n<p>Sujetos armados atacan funeraria en Iguala.<\/p>\n\n\n\n<p>IGUALA, Gro; Luego del crimen a un empleado de la funeraria \u201cGuti\u00e9rrez\u201d, otra funeraria fue baleada en su fachada, sin que esta vez se reportaran v\u00edctimas.<br>Los hechos ocurrieron alrededor de las 21:00 horas en la glorieta de salida a Teloloapan y Cocula, zona correspondiente a la colonia Ejidal.<br>La funeraria con raz\u00f3n social \u201cFuneraria Ruga\u201d recibi\u00f3 una r\u00e1faga de fuego accionada por sujetos armados que movilizaban en un veh\u00edculo, mismo en el que huyeron a las afueras de la ciudad.<br>Minutos despu\u00e9s una movilizaci\u00f3n de elementos policiacos de los distintos \u00f3rdenes de gobierno, quienes acordonaron el per\u00edmetro y recorrieron la zona en busca de los agresores, sin resultados positivos hasta la entrega de este reporte.<br>La Fiscal\u00eda Regional, levantaron una decena de casquillos percutidos por arma de grueso calibre.<br>En esta ciudad de la zona Norte del estado se registraron las muertes de tres personas y una m\u00e1s herida en menos de 24 horas, sumado al ataque de esta negociaci\u00f3n, en lo que se presume tiene relaci\u00f3n con el cobro de \u201ccuotas\u201d por parte de la delincuencia organizada.<\/p>\n","protected":false},"excerpt":{"rendered":"<p>Sujetos armados atacan funeraria en Iguala. IGUALA, Gro; Luego del crimen a un empleado de la funeraria \u201cGuti\u00e9rrez\u201d, otra funeraria fue baleada en su fachada, sin que esta vez se &hellip; <a href=\"https:\/\/unoticias.com.mx\/index.php\/2020\/10\/21\/sujetos-armados-atacan-funeraria-en-iguala\/\" class=\"more-link\">Leer m\u00e1s<\/a><\/p>\n","protected":false},"author":1,"featured_media":5484,"comment_status":"open","ping_status":"open","sticky":false,"template":"","format":"standard","meta":{"spay_email":"","footnotes":"","jetpack_publicize_message":"","jetpack_is_tweetstorm":false,"jetpack_publicize_feature_enabled":true},"categories":[6],"tags":[],"class_list":["post-5483","post","type-post","status-publish","format-standard","has-post-thumbnail","hentry","category-asia","entry"],"jetpack_featured_media_url":"https:\/\/unoticias.com.mx\/wp-content\/uploads\/2020\/10\/IMG_20201020_224035_872.jpg","jetpack_publicize_connections":[],"jetpack_sharing_enabled":true,"jetpack_likes_enabled":true,"_links":{"self":[{"href":"https:\/\/unoticias.com.mx\/index.php\/wp-json\/wp\/v2\/posts\/5483","targetHints":{"allow":["GET"]}}],"collection":[{"href":"https:\/\/unoticias.com.mx\/index.php\/wp-json\/wp\/v2\/posts"}],"about":[{"href":"https:\/\/unoticias.com.mx\/index.php\/wp-json\/wp\/v2\/types\/post"}],"author":[{"embeddable":true,"href":"https:\/\/unoticias.com.mx\/index.php\/wp-json\/wp\/v2\/users\/1"}],"replies":[{"embeddable":true,"href":"https:\/\/unoticias.com.mx\/index.php\/wp-json\/wp\/v2\/comments?post=5483"}],"version-history":[{"count":1,"href":"https:\/\/unoticias.com.mx\/index.php\/wp-json\/wp\/v2\/posts\/5483\/revisions"}],"predecessor-version":[{"id":5485,"href":"https:\/\/unoticias.com.mx\/index.php\/wp-json\/wp\/v2\/posts\/5483\/revisions\/5485"}],"wp:featuredmedia":[{"embeddable":true,"href":"https:\/\/unoticias.com.mx\/index.php\/wp-json\/wp\/v2\/media\/5484"}],"wp:attachment":[{"href":"https:\/\/unoticias.com.mx\/index.php\/wp-json\/wp\/v2\/media?parent=5483"}],"wp:term":[{"taxonomy":"category","embeddable":true,"href":"https:\/\/unoticias.com.mx\/index.php\/wp-json\/wp\/v2\/categories?post=5483"},{"taxonomy":"post_tag","embeddable":true,"href":"https:\/\/unoticias.com.mx\/index.php\/wp-json\/wp\/v2\/tags?post=5483"}],"curies":[{"name":"wp","href":"https:\/\/api.w.org\/{rel}","templated":true}]}}