{"id":5578,"date":"2020-10-26T00:05:11","date_gmt":"2020-10-26T00:05:11","guid":{"rendered":"https:\/\/unoticias.com.mx\/?p=5578"},"modified":"2020-10-26T00:05:11","modified_gmt":"2020-10-26T00:05:11","slug":"toma-protesta-cesar-jimenez-lorenzini-como-nuevo-presidente-del-comite-del-pri-en-san-pedro-cholula","status":"publish","type":"post","link":"https:\/\/unoticias.com.mx\/index.php\/2020\/10\/26\/toma-protesta-cesar-jimenez-lorenzini-como-nuevo-presidente-del-comite-del-pri-en-san-pedro-cholula\/","title":{"rendered":"Toma protesta C\u00e9sar Jim\u00e9nez Lorenzini como nuevo presidente del comit\u00e9 del PRI en San Pedro Cholula"},"content":{"rendered":"\n<p>Toma protesta C\u00e9sar Jim\u00e9nez Lorenzini como nuevo presidente del comit\u00e9 del PRI en San Pedro Cholula<\/p>\n\n\n\n<p>Por: Omar S\u00e1nchez<\/p>\n\n\n\n<p>San Pedro Cholula, Pue. C\u00e9sar Jim\u00e9nez Lorenzini tom\u00f3 protesta como nuevo presidente del comit\u00e9 municipal del Partido Revolucionario Institucional (PRI) de esta jurisdicci\u00f3n, donde la regidora pri\u00edsta, Beatriz P\u00e9rez Fragoso como secretaria.<\/p>\n\n\n\n<p>En entrevista conjunta, el l\u00edder pri\u00edsta local se\u00f1al\u00f3 que comenzar\u00e1n a caminar a buscar a lo seccionales, los militantes y todos aquellos pri\u00edstas que se &#8220;han puesto la camisa&#8221; desde hace muchas campa\u00f1as.<\/p>\n\n\n\n<p>&#8220;Tambi\u00e9n aquellos que tal vez se han sentido desplazados, iremos a la b\u00fasqueda. Queremos que este comit\u00e9, sea un comit\u00e9 abierto, plural y que todos est\u00e9n integrados&#8221;, dijo Jim\u00e9nez Lorenzini.<\/p>\n\n\n\n<p>En ese sentido, el pri\u00edsta cholulteca tambi\u00e9n inform\u00f3 que rindi\u00f3 protesta la red de J\u00f3venes por M\u00e9xico de San Pedro Cholula y San Andr\u00e9s Cholula, de quienes -sostuvo- son j\u00f3venes que quieren participar e involucrarse en pol\u00edtica.<\/p>\n\n\n\n<p>Con respecto a los candidatos del 2018 del tricolor en este distrito que ahora est\u00e1n en otros partidos y gobiernos, Jim\u00e9nez Lorenzini asever\u00f3 que la militancia, su base sigue siendo muy fuerte, lo cual se ver\u00e1 en las pr\u00f3ximas elecciones del 2021.<\/p>\n\n\n\n<p>Por su parte, la secretaria, Beatriz P\u00e9rez Fragoso mencion\u00f3 que van recorrer cada una de las juntas auxiliares de San Pedro Cholula, con el objetivo de afiliar y rescatar nuevamente a los comit\u00e9s.<\/p>\n\n\n\n<p>Finalmente, la concejala sostuvo que mantiene una oposici\u00f3n responsable al frente del cabildo cholulteca, cuyo gobierno lo encabeza un presidente municipal emanado de Morena.<\/p>\n","protected":false},"excerpt":{"rendered":"<p>Toma protesta C\u00e9sar Jim\u00e9nez Lorenzini como nuevo presidente del comit\u00e9 del PRI en San Pedro Cholula Por: Omar S\u00e1nchez San Pedro Cholula, Pue. C\u00e9sar Jim\u00e9nez Lorenzini tom\u00f3 protesta como nuevo &hellip; <a href=\"https:\/\/unoticias.com.mx\/index.php\/2020\/10\/26\/toma-protesta-cesar-jimenez-lorenzini-como-nuevo-presidente-del-comite-del-pri-en-san-pedro-cholula\/\" class=\"more-link\">Leer m\u00e1s<\/a><\/p>\n","protected":false},"author":1,"featured_media":5579,"comment_status":"open","ping_status":"open","sticky":false,"template":"","format":"standard","meta":{"spay_email":"","footnotes":"","jetpack_publicize_message":"","jetpack_is_tweetstorm":false,"jetpack_publicize_feature_enabled":true},"categories":[15],"tags":[],"class_list":["post-5578","post","type-post","status-publish","format-standard","has-post-thumbnail","hentry","category-local-news","entry"],"jetpack_featured_media_url":"https:\/\/unoticias.com.mx\/wp-content\/uploads\/2020\/10\/FB_IMG_1603670577262.jpg","jetpack_publicize_connections":[],"jetpack_sharing_enabled":true,"jetpack_likes_enabled":true,"_links":{"self":[{"href":"https:\/\/unoticias.com.mx\/index.php\/wp-json\/wp\/v2\/posts\/5578","targetHints":{"allow":["GET"]}}],"collection":[{"href":"https:\/\/unoticias.com.mx\/index.php\/wp-json\/wp\/v2\/posts"}],"about":[{"href":"https:\/\/unoticias.com.mx\/index.php\/wp-json\/wp\/v2\/types\/post"}],"author":[{"embeddable":true,"href":"https:\/\/unoticias.com.mx\/index.php\/wp-json\/wp\/v2\/users\/1"}],"replies":[{"embeddable":true,"href":"https:\/\/unoticias.com.mx\/index.php\/wp-json\/wp\/v2\/comments?post=5578"}],"version-history":[{"count":1,"href":"https:\/\/unoticias.com.mx\/index.php\/wp-json\/wp\/v2\/posts\/5578\/revisions"}],"predecessor-version":[{"id":5580,"href":"https:\/\/unoticias.com.mx\/index.php\/wp-json\/wp\/v2\/posts\/5578\/revisions\/5580"}],"wp:featuredmedia":[{"embeddable":true,"href":"https:\/\/unoticias.com.mx\/index.php\/wp-json\/wp\/v2\/media\/5579"}],"wp:attachment":[{"href":"https:\/\/unoticias.com.mx\/index.php\/wp-json\/wp\/v2\/media?parent=5578"}],"wp:term":[{"taxonomy":"category","embeddable":true,"href":"https:\/\/unoticias.com.mx\/index.php\/wp-json\/wp\/v2\/categories?post=5578"},{"taxonomy":"post_tag","embeddable":true,"href":"https:\/\/unoticias.com.mx\/index.php\/wp-json\/wp\/v2\/tags?post=5578"}],"curies":[{"name":"wp","href":"https:\/\/api.w.org\/{rel}","templated":true}]}}