{"id":5668,"date":"2020-10-28T21:24:16","date_gmt":"2020-10-28T21:24:16","guid":{"rendered":"https:\/\/unoticias.com.mx\/?p=5668"},"modified":"2020-10-28T21:24:16","modified_gmt":"2020-10-28T21:24:16","slug":"asegura-la-policia-estatal-y-sedena-a-2-sujetos-con-una-pistola-presunta-droga-y-un-vehiculo-en-acapulco","status":"publish","type":"post","link":"https:\/\/unoticias.com.mx\/index.php\/2020\/10\/28\/asegura-la-policia-estatal-y-sedena-a-2-sujetos-con-una-pistola-presunta-droga-y-un-vehiculo-en-acapulco\/","title":{"rendered":"Asegura la Polic\u00eda Estatal y SEDENA a 2 sujetos con una pistola, presunta droga y un veh\u00edculo en Acapulco."},"content":{"rendered":"\n<p>Asegura la Polic\u00eda Estatal y SEDENA a 2 sujetos con una pistola, presunta droga y un veh\u00edculo en Acapulco.<\/p>\n\n\n\n<p>Chilpancingo, Guerrero, 28 de Octubre de 2020.- Como resultado de los patrullajes de seguridad para la prevenci\u00f3n de delitos, elementos de la Polic\u00eda Estatal, en coordinaci\u00f3n con el Ej\u00e9rcito Mexicano, aseguraron a dos masculinos que portaban un arma de fuego, presunta droga y un veh\u00edculo en el municipio de Acapulco.<br>La acci\u00f3n se llev\u00f3 a cabo en la colonia Puerto Marqu\u00e9s, donde los agentes inspeccionaron un autom\u00f3vil tipo Tsuru, marca Nissan, color blanco con amarillo.<br>El veh\u00edculo era conducido por Alejandro &#8216;N&#8217;, a qui\u00e9n se le encontraron 100 bolsitas de pl\u00e1stico transparente que conten\u00edan una sustancia cristalina con las caracter\u00edsticas propias de la droga conocida como piedra.<br>En el autom\u00f3vil tambi\u00e9n viajaba Jorge &#8216;N&#8217;, a qui\u00e9n se le hall\u00f3 en posesi\u00f3n de un arma de fuego tipo escuadra, calibre 9mm, abastecida con 4 cartuchos calibre .380 mm.<br>Los masculinos, el arma de fuego, la presunta droga y el veh\u00edculo fueron puestos a disposici\u00f3n de las autoridades correspondientes.<\/p>\n","protected":false},"excerpt":{"rendered":"<p>Asegura la Polic\u00eda Estatal y SEDENA a 2 sujetos con una pistola, presunta droga y un veh\u00edculo en Acapulco. Chilpancingo, Guerrero, 28 de Octubre de 2020.- Como resultado de los &hellip; <a href=\"https:\/\/unoticias.com.mx\/index.php\/2020\/10\/28\/asegura-la-policia-estatal-y-sedena-a-2-sujetos-con-una-pistola-presunta-droga-y-un-vehiculo-en-acapulco\/\" class=\"more-link\">Leer m\u00e1s<\/a><\/p>\n","protected":false},"author":1,"featured_media":5669,"comment_status":"open","ping_status":"open","sticky":false,"template":"","format":"standard","meta":{"spay_email":"","footnotes":"","jetpack_publicize_message":"","jetpack_is_tweetstorm":false,"jetpack_publicize_feature_enabled":true},"categories":[6],"tags":[],"class_list":["post-5668","post","type-post","status-publish","format-standard","has-post-thumbnail","hentry","category-asia","entry"],"jetpack_featured_media_url":"https:\/\/unoticias.com.mx\/wp-content\/uploads\/2020\/10\/IMG_20201028_152239_281.jpg","jetpack_publicize_connections":[],"jetpack_sharing_enabled":true,"jetpack_likes_enabled":true,"_links":{"self":[{"href":"https:\/\/unoticias.com.mx\/index.php\/wp-json\/wp\/v2\/posts\/5668","targetHints":{"allow":["GET"]}}],"collection":[{"href":"https:\/\/unoticias.com.mx\/index.php\/wp-json\/wp\/v2\/posts"}],"about":[{"href":"https:\/\/unoticias.com.mx\/index.php\/wp-json\/wp\/v2\/types\/post"}],"author":[{"embeddable":true,"href":"https:\/\/unoticias.com.mx\/index.php\/wp-json\/wp\/v2\/users\/1"}],"replies":[{"embeddable":true,"href":"https:\/\/unoticias.com.mx\/index.php\/wp-json\/wp\/v2\/comments?post=5668"}],"version-history":[{"count":1,"href":"https:\/\/unoticias.com.mx\/index.php\/wp-json\/wp\/v2\/posts\/5668\/revisions"}],"predecessor-version":[{"id":5670,"href":"https:\/\/unoticias.com.mx\/index.php\/wp-json\/wp\/v2\/posts\/5668\/revisions\/5670"}],"wp:featuredmedia":[{"embeddable":true,"href":"https:\/\/unoticias.com.mx\/index.php\/wp-json\/wp\/v2\/media\/5669"}],"wp:attachment":[{"href":"https:\/\/unoticias.com.mx\/index.php\/wp-json\/wp\/v2\/media?parent=5668"}],"wp:term":[{"taxonomy":"category","embeddable":true,"href":"https:\/\/unoticias.com.mx\/index.php\/wp-json\/wp\/v2\/categories?post=5668"},{"taxonomy":"post_tag","embeddable":true,"href":"https:\/\/unoticias.com.mx\/index.php\/wp-json\/wp\/v2\/tags?post=5668"}],"curies":[{"name":"wp","href":"https:\/\/api.w.org\/{rel}","templated":true}]}}