{"id":5883,"date":"2020-11-04T14:31:14","date_gmt":"2020-11-04T14:31:14","guid":{"rendered":"https:\/\/unoticias.com.mx\/?p=5883"},"modified":"2020-11-04T14:31:14","modified_gmt":"2020-11-04T14:31:14","slug":"tunden-y-rechazan-a-la-alcaldesa-de-puebla-claudia-rivera-en-redes-sociales","status":"publish","type":"post","link":"https:\/\/unoticias.com.mx\/index.php\/2020\/11\/04\/tunden-y-rechazan-a-la-alcaldesa-de-puebla-claudia-rivera-en-redes-sociales\/","title":{"rendered":"Tunden y rechazan a la alcaldesa de Puebla, Claudia Rivera en redes sociales."},"content":{"rendered":"\n<p>Tunden y rechazan a la alcaldesa de Puebla, Claudia Rivera en redes sociales.<\/p>\n\n\n\n<p>Dulce G\u00f3mez\/ @dulcgomez<\/p>\n\n\n\n<p>La presidenta municipal de #Puebla, #ClaudiaRiveraVivanco, fue severamente criticada por poblanas y poblanos, luego que este martes subi\u00f3 una imagen con la leyenda: \u201c2021 a\u00f1o de oportunidades\u201d, en posible alusi\u00f3n a una reelecci\u00f3n, ante el inicio del proceso electoral local del pr\u00f3ximo a\u00f1o.<br>Antes de las 22 horas de este 3 de noviembre, la portada del perfil de Facebook de Rivera Vivanco fue modificada con dicho dise\u00f1o, sin embargo, los comentarios no se hicieron esperar, en su mayor\u00eda de cr\u00edticas en contra de la gesti\u00f3n que encabeza la morenista.<br>\u201cA\u00f1o en el que te vas\u201d, \u201cLo bueno que en 2021 te vas\u201d, Oportunidad de que saquemos a este gobierno de ocurrencias\u201d, \u201cM\u00e1s ambulantes\u201d, Pachanga que vamos a armar cuando termine su mandato\u201d, escribieron poblanas y poblanos, quienes se dijeron hartos de la actual administraci\u00f3n municipal.<br>A los anteriores comentarios se sumaron: \u201cLa gente no votar\u00e1 por ti, estamos decepcionados\u201d, Adi\u00f3s Claudia Rivera\u201d.<br>En repetidas ocasiones, regidores del autodenominado \u201cG5\u201d han pedido a la alcaldesa concentrarse en su trabajo y dejar de lados sus aspiraciones a la presidencia municipal de Puebla durante 2021.<br>Este grupo de cabildantes, emanados de Juntos Haremos Historia, tambi\u00e9n han denunciado la falta de obras y servicios p\u00fablicos, adem\u00e1s de que han criticado a la edil y a sus secretarios, entre ellos a Ren\u00e9 S\u00e1nchez Galindo, titular de la Secretar\u00eda de Gobernaci\u00f3n, por la presencia de ambulantes en pleno Centro Hist\u00f3rico.<\/p>\n","protected":false},"excerpt":{"rendered":"<p>Tunden y rechazan a la alcaldesa de Puebla, Claudia Rivera en redes sociales. Dulce G\u00f3mez\/ @dulcgomez La presidenta municipal de #Puebla, #ClaudiaRiveraVivanco, fue severamente criticada por poblanas y poblanos, luego &hellip; <a href=\"https:\/\/unoticias.com.mx\/index.php\/2020\/11\/04\/tunden-y-rechazan-a-la-alcaldesa-de-puebla-claudia-rivera-en-redes-sociales\/\" class=\"more-link\">Leer m\u00e1s<\/a><\/p>\n","protected":false},"author":1,"featured_media":5884,"comment_status":"open","ping_status":"open","sticky":false,"template":"","format":"standard","meta":{"spay_email":"","footnotes":"","jetpack_publicize_message":"","jetpack_is_tweetstorm":false,"jetpack_publicize_feature_enabled":true},"categories":[15],"tags":[],"class_list":["post-5883","post","type-post","status-publish","format-standard","has-post-thumbnail","hentry","category-local-news","entry"],"jetpack_featured_media_url":"https:\/\/unoticias.com.mx\/wp-content\/uploads\/2020\/11\/IMG_20201104_082931_355.jpg","jetpack_publicize_connections":[],"jetpack_sharing_enabled":true,"jetpack_likes_enabled":true,"_links":{"self":[{"href":"https:\/\/unoticias.com.mx\/index.php\/wp-json\/wp\/v2\/posts\/5883","targetHints":{"allow":["GET"]}}],"collection":[{"href":"https:\/\/unoticias.com.mx\/index.php\/wp-json\/wp\/v2\/posts"}],"about":[{"href":"https:\/\/unoticias.com.mx\/index.php\/wp-json\/wp\/v2\/types\/post"}],"author":[{"embeddable":true,"href":"https:\/\/unoticias.com.mx\/index.php\/wp-json\/wp\/v2\/users\/1"}],"replies":[{"embeddable":true,"href":"https:\/\/unoticias.com.mx\/index.php\/wp-json\/wp\/v2\/comments?post=5883"}],"version-history":[{"count":1,"href":"https:\/\/unoticias.com.mx\/index.php\/wp-json\/wp\/v2\/posts\/5883\/revisions"}],"predecessor-version":[{"id":5885,"href":"https:\/\/unoticias.com.mx\/index.php\/wp-json\/wp\/v2\/posts\/5883\/revisions\/5885"}],"wp:featuredmedia":[{"embeddable":true,"href":"https:\/\/unoticias.com.mx\/index.php\/wp-json\/wp\/v2\/media\/5884"}],"wp:attachment":[{"href":"https:\/\/unoticias.com.mx\/index.php\/wp-json\/wp\/v2\/media?parent=5883"}],"wp:term":[{"taxonomy":"category","embeddable":true,"href":"https:\/\/unoticias.com.mx\/index.php\/wp-json\/wp\/v2\/categories?post=5883"},{"taxonomy":"post_tag","embeddable":true,"href":"https:\/\/unoticias.com.mx\/index.php\/wp-json\/wp\/v2\/tags?post=5883"}],"curies":[{"name":"wp","href":"https:\/\/api.w.org\/{rel}","templated":true}]}}