{"id":5983,"date":"2020-11-08T04:53:17","date_gmt":"2020-11-08T04:53:17","guid":{"rendered":"https:\/\/unoticias.com.mx\/?p=5983"},"modified":"2020-11-08T04:53:17","modified_gmt":"2020-11-08T04:53:17","slug":"atentan-contra-periodista-acusan-a-edil-priista-de-huaxpaltepec","status":"publish","type":"post","link":"https:\/\/unoticias.com.mx\/index.php\/2020\/11\/08\/atentan-contra-periodista-acusan-a-edil-priista-de-huaxpaltepec\/","title":{"rendered":"ATENTAN CONTRA PERIODISTA, ACUSAN A EDIL PRIISTA DE HUAXPALTEPEC ."},"content":{"rendered":"\n<p>ATENTAN CONTRA PERIODISTA, ACUSAN A EDIL PRIISTA DE HUAXPALTEPEC .<\/p>\n\n\n\n<p>San Andr\u00e9s Huaxpaltepec Oax., Cuando circulaba el comunicador Rosendo Garc\u00eda Dionisio, en su camioneta Nissan sobre la carretera federal 200 Pinotepa-Salina Cruz pero al llegar a la altura del parador R\u00edo las arenas ya dentro del municipio de Pinotepa Nacional ,fue atacado a balazos por personas desconocidas,\u00e9l viajaba en su unidad de motor de la marca Nissan,viajaban tambi\u00e9n su c\u00f3nyuge y su Hermano, quienes lo acompa\u00f1aban a dejar un escrito que la fiscal\u00eda de Jamiltepec le proporcion\u00f3. Para entregarlo a la guardia Nacional con sede en Pinotepa Nacional.<\/p>\n\n\n\n<p>Por lo que el comunicador a c\u00f3mo pudo se traslad\u00f3 al cuartel m\u00e1s cercano de la polic\u00eda municipal de Pinotepa Nacional de la regi\u00f3n de la Costa para pedir el auxilio correspondiente<\/p>\n\n\n\n<p>En una transmisi\u00f3n en vivo por una plataforma de comunicaci\u00f3n local,el comunicador responsabiliz\u00f3 directamente a Javier Garc\u00eda Hern\u00e1ndez,Zain Garc\u00eda y Carlos Mart\u00ednez, el primero presidente municipal,el segundo hijo del presidente municipal y el tercero sobrino pol\u00edtico del presidente municipal,por los hechos de violencia ocurridos en sus contra<\/p>\n\n\n\n<p>Ante ello se present\u00f3 ante la fiscal\u00eda general de justicia con sede en Santiago Pinotepa Nacional Oaxaca,para denunciar los hecho,dando inicio de legajo # 34037FECOS\/PINOTEPA\/2020 ante el Lic ERIC DANIEL RAM\u00cdREZ RAM\u00cdREZ<\/p>\n\n\n\n<p>Por lo que el agente del ministerio p\u00fablico gir\u00f3 orden de investigaci\u00f3n de los hechos al comandante de la Agencia Estatal de Investigaciones realizar las pesquisas de ley<\/p>\n\n\n\n<p>Con este caso,ya son tres actos de violencia ligados con el presidente municipal de San Andr\u00e9s Huaxpaltepec,que lo involucran directamente con actos de violencia en ese municipio de la regi\u00f3n de la Costa<\/p>\n\n\n\n<p>El primero lo relacionan con un atentado en contra de un ciudadano que realiz\u00f3 su hijo Zain Garc\u00eda Mej\u00eda,sobre la carretera federal 200 a unos 150 metros del palacio Municipal<\/p>\n\n\n\n<p>El segundo caso fue en contra de comunicador Rosendo Garc\u00eda Dionisio,cuando est\u00e9 trasmit\u00eda en vivo un protocolo frente al templo cat\u00f3lico Jesus de Nazaret,a unos 70 metros del palacio municipal,ah\u00ed el propio presidente municipal agredi\u00f3 f\u00edsica,verbalmente y amenazo al comunicador<\/p>\n\n\n\n<p>La tercera ocasi\u00f3n fue sobre la carretera federal 200 a unos 120 metros del palacio municipal,hasta donde lleg\u00f3 Carlos Mart\u00ednez alias el esc\u00e1ndalo para agredir f\u00edsica y verbalmente al comunicador.ah\u00ed surgieron golpes directamente contra el rostro de Rosendo Garc\u00eda y la amenazas directa de ;vengo de parte del presidente municipal a que le bajes de Huevos a tus publicaciones&#8221;<\/p>\n\n\n\n<p>Por lo que la asociaci\u00f3n civil de comunicadores de Red de Prensa Libre M\u00e9xico en la regi\u00f3n de la Costa,exigen justicia para el comunicador y responsabilizan de cualquier atentado contra de los comunicadores de esa regi\u00f3n Costa<\/p>\n","protected":false},"excerpt":{"rendered":"<p>ATENTAN CONTRA PERIODISTA, ACUSAN A EDIL PRIISTA DE HUAXPALTEPEC . San Andr\u00e9s Huaxpaltepec Oax., Cuando circulaba el comunicador Rosendo Garc\u00eda Dionisio, en su camioneta Nissan sobre la carretera federal 200 &hellip; <a href=\"https:\/\/unoticias.com.mx\/index.php\/2020\/11\/08\/atentan-contra-periodista-acusan-a-edil-priista-de-huaxpaltepec\/\" class=\"more-link\">Leer m\u00e1s<\/a><\/p>\n","protected":false},"author":1,"featured_media":5984,"comment_status":"open","ping_status":"open","sticky":false,"template":"","format":"standard","meta":{"spay_email":"","footnotes":"","jetpack_publicize_message":"","jetpack_is_tweetstorm":false,"jetpack_publicize_feature_enabled":true},"categories":[40],"tags":[],"class_list":["post-5983","post","type-post","status-publish","format-standard","has-post-thumbnail","hentry","category-nacional","entry"],"jetpack_featured_media_url":"https:\/\/unoticias.com.mx\/wp-content\/uploads\/2020\/11\/IMG_20201107_224624_434.jpg","jetpack_publicize_connections":[],"jetpack_sharing_enabled":true,"jetpack_likes_enabled":true,"_links":{"self":[{"href":"https:\/\/unoticias.com.mx\/index.php\/wp-json\/wp\/v2\/posts\/5983","targetHints":{"allow":["GET"]}}],"collection":[{"href":"https:\/\/unoticias.com.mx\/index.php\/wp-json\/wp\/v2\/posts"}],"about":[{"href":"https:\/\/unoticias.com.mx\/index.php\/wp-json\/wp\/v2\/types\/post"}],"author":[{"embeddable":true,"href":"https:\/\/unoticias.com.mx\/index.php\/wp-json\/wp\/v2\/users\/1"}],"replies":[{"embeddable":true,"href":"https:\/\/unoticias.com.mx\/index.php\/wp-json\/wp\/v2\/comments?post=5983"}],"version-history":[{"count":1,"href":"https:\/\/unoticias.com.mx\/index.php\/wp-json\/wp\/v2\/posts\/5983\/revisions"}],"predecessor-version":[{"id":5985,"href":"https:\/\/unoticias.com.mx\/index.php\/wp-json\/wp\/v2\/posts\/5983\/revisions\/5985"}],"wp:featuredmedia":[{"embeddable":true,"href":"https:\/\/unoticias.com.mx\/index.php\/wp-json\/wp\/v2\/media\/5984"}],"wp:attachment":[{"href":"https:\/\/unoticias.com.mx\/index.php\/wp-json\/wp\/v2\/media?parent=5983"}],"wp:term":[{"taxonomy":"category","embeddable":true,"href":"https:\/\/unoticias.com.mx\/index.php\/wp-json\/wp\/v2\/categories?post=5983"},{"taxonomy":"post_tag","embeddable":true,"href":"https:\/\/unoticias.com.mx\/index.php\/wp-json\/wp\/v2\/tags?post=5983"}],"curies":[{"name":"wp","href":"https:\/\/api.w.org\/{rel}","templated":true}]}}